{"id":1073,"date":"2016-04-26T14:53:58","date_gmt":"2016-04-26T12:53:58","guid":{"rendered":"http:\/\/www.vernunftkraft-hessen.de\/wordpress\/?p=1073"},"modified":"2016-04-26T14:54:29","modified_gmt":"2016-04-26T12:54:29","slug":"aehrlich-sinkende-co2-deckel-fuer-benzin-diesel-heizoel-und-erdgas-statt-staendig-neue-verteuerungen-und-vorschriften","status":"publish","type":"post","link":"http:\/\/www.vernunftkraft-hessen.de\/wordpress\/2016\/04\/26\/aehrlich-sinkende-co2-deckel-fuer-benzin-diesel-heizoel-und-erdgas-statt-staendig-neue-verteuerungen-und-vorschriften\/","title":{"rendered":"J\u00e4hrlich sinkende CO2-Deckel f\u00fcr Benzin, Diesel, Heiz\u00f6l und Erdgas, statt st\u00e4ndig neue Verteuerungen und Vorschriften"},"content":{"rendered":"<p><strong><i>Vereinigung der hessischen Unternehmerverb\u00e4nde e. V. (VhU)<\/i><\/strong><\/p>\n<p><b>Frankfurt am Main.<\/b> \u201eKlimaschutz geht g\u00fcnstiger\u201c, sagt die Vereinigung der hessischen Unternehmerverb\u00e4nde (VhU) und schl\u00e4gt vor, die \u201eerforderliche drastische Verringerung des Treibhausgasaussto\u00dfes\u201c durch <strong>mehr Marktwirtschaft und nicht durch neue, teure Einzelregulierungen, Steuern und Subventionen<\/strong> im Stra\u00dfenverkehr, in Geb\u00e4uden, in Industrie und Elektrizit\u00e4tserzeugung <strong>zu erreichen.<\/strong> <!--more--><br \/>\nDer Staat solle laut VhU eine Obergrenze f\u00fcr den CO2-Aussto\u00df aus der Verbrennung von Benzin, Diesel, Erdgas und Autogas im Stra\u00dfenverkehr sowie einen weiteren CO2-Deckel f\u00fcr Heiz\u00f6l und Erdgas in Geb\u00e4uden einf\u00fchren und von Jahr zu Jahr absenken. Davon betroffen w\u00e4ren weniger als 100 Mineral\u00f6lgesellschaften, Raffinerien und gro\u00dfe Unternehmen in Deutschland, die bisher schon die Mineral\u00f6lsteuer abf\u00fchren. Sie w\u00fcrden verpflichtet, ihre Ware mit handelbaren CO2-Zertifikaten zu hinterlegen. Der Kraftstoffanteil aus Bioethanol und Biodiesel, sowie reine Elektrofahrzeuge w\u00e4ren nicht betroffen.<\/p>\n<p>Durch einen strengen \u00f6kologischen Rahmen mit j\u00e4hrlicher Verknappung der CO2-Menge w\u00fcrde die Klimapolitik ihre Ziele zur Treibhausgasminderung sicher erreichen \u2013 im Unterschied zur derzeitigen Klimapolitik im Stra\u00dfenverkehr und Geb\u00e4uden. Vorbild sei der EU-weite CO2-Deckel f\u00fcr Stromerzeugung und Industrie, der den Treibhausgasaussto\u00df von 2005 bis 2030 um 43 Prozent reduzieren wird \u2013 zu geringstm\u00f6glichen Kosten.<\/p>\n<p><strong>B\u00fcrger und Unternehmen k\u00f6nnten k\u00fcnftig CO2 dort vermeiden, wo es f\u00fcr sie am einfachsten ist und am wenigsten kostet.<\/strong> Sie k\u00f6nnten ein sparsameres Auto oder ein Elektrofahrzeug fahren, ihre Fahrweise anpassen, mehr Biokraftstoffe tanken oder Personen- und G\u00fcterverkehre auf Bus, Bahn und Binnenschiff verlagern. Im Sektor Geb\u00e4ude bliebe es B\u00fcrgern und Unternehmen \u00fcberlassen, ob sie ihre Heizung erneuern, ihr Geb\u00e4ude d\u00e4mmen, die Hauselektronik modernisieren, intelligenter l\u00fcften oder die Zimmertemperatur verringern.<\/p>\n<p>Laut VhU k\u00f6nne der Spritpreis anf\u00e4nglich um zwei bis drei Cent je Liter ansteigen, falls der Preis eines CO2-Zertifikats 10 Euro betrage. Wenn das Tempo der Absenkung des CO2-Deckels schneller erfolgte als die Reaktionen der Anbieter und Nachfrager nach Mobilit\u00e4t, w\u00fcrden CO2-Preis und Spritpreis laut VhU weiter ansteigen. Im umgekehrten Fall blieben die Preise unver\u00e4ndert \u2013 trotz sinkenden CO2-Aussto\u00dfes. F\u00fcr das Klima sei es relevant, dass der CO2-Deckel j\u00e4hrlich sinke, nicht ob der CO2-Preis steige.<\/p>\n<p><strong>\u201eStatt immer neuer Verbote, Verteuerungen und Vorschiften zu erlassen muss die Klimapolitik umdenken und endlich kosteneffizient werden! Durch D\u00e4mmwahn, EEG-Subventionen, Klimasteuern und Verkehrsbeschr\u00e4nkungen wird der Wirtschaftsstandort gesch\u00e4digt, ohne dass eine \u00f6kologische Wirkung garantiert w\u00e4re\u201c<\/strong>, sagte heute VhU-Hauptgesch\u00e4ftsf\u00fchrer <b>Volker Fasbender<\/b>. Er rief Bund und Land auf, in den aktuell diskutierten Klimaschutzpl\u00e4nen nur <strong>\u201etechnikneutrale und innovationsf\u00f6rdernde Instrumente\u201c aufzunehmen und den \u201eRegulierungsdschungel zu lichten und nicht zu vergr\u00f6\u00dfern\u201c.<\/strong><\/p>\n<p>Neben zu hohen Kosten und geringer \u00f6kologischer Wirkung <strong>warnte Fasbender vor einem zu hohen Tempo der derzeitigen Klimapolitik:<\/strong> \u201eKlimaschutz geht nur mit der Wirtschaft. CDU und Gr\u00fcne betonen zurecht das Anliegen, \u00d6kologie und \u00d6konomie gemeinsam zu ber\u00fccksichtigen. Doch das von der Landesregierung beschlossene Ziel der sog. Klimaneutralit\u00e4t 2050 erscheint uns aus heutiger Sicht als \u00fcberambitioniert und unrealistisch. <strong>Dekarbonisierung darf nicht zu Deindustrialisierung f\u00fchren.<\/strong> Die vom hessischen Umweltministerium in Auftrag gegebene Studie zum Klimaschutzplan weist explizit auf dieses Risiko hin (S. 118). Wer das Tempo der Dekarbonisierung so erh\u00f6hen will, muss erkl\u00e4ren, wie dies mit dem Erhalt einer starken Wirtschaft und einer Wachstumsperspektive f\u00fcr energieintensive Unternehmen zusammen passt.\u201c<\/p>\n<p>Ministerin Hinz habe die Chance, dazu in ihren Vorschl\u00e4gen f\u00fcr einen integrierten Klimaschutzplan Hessen, die sie Anfang Mai vorstellen wolle, Antworten zu geben. <b>Fasbender<\/b>: \u201eWir hoffen, dass die Ministerin nur Instrumente vorschl\u00e4gt, die ein gutes Kosten-Nutzen-Verh\u00e4ltnis aufweisen und Klimaschutz mit und nicht gegen die Wirtschaft und insbesondere nicht gegen die Industrie betreibt.\u201c<\/p>\n<p>Parallel zu zwei neuen CO2-Deckeln und Emissionshandelssystemen forderte die VhU eine Entr\u00fcmpelung des Instrumentenkastens der Klimapolitik und einen Verzicht auf neue teure Instrumente, um unn\u00f6tige Kosten und Mehrfachbelastungen zu verhindern.<\/p>\n<p><b>Peter Bartholom\u00e4us<\/b>, Vorsitzender der Gesch\u00e4ftsleitung des Industrieparkbetreibers InfraServ Wiesbaden und Vorsitzender des <b>VhU-Energieausschusses<\/b>, sagte: \u201eDas EEG ist \u00f6kologisch wirkungslos, weil die CO2-Emissionen bei Stromerzeugung und Industrie bereits gedeckelt sind. <strong>Es sollte keine Subventionszusagen mehr f\u00fcr neue Anlagen der Stromerzeugung aus Wind, Biomasse und Photovoltaik geben. F\u00fcr den weiteren Ausbau der \u00d6kostromproduktion ist keine direkte F\u00f6rderung mehr n\u00f6tig. Immerhin hat der Marktanteil erneuerbarer Energien in der Stromerzeugung schon ein Drittel erreicht.<\/strong> Die schrittweise Senkung der CO2-Obergrenze der EU setzt gen\u00fcgend Marktsignale f\u00fcr den weiteren Ausbau erneuerbarer Energien im Strommarkt.\u201c<\/p>\n<p>F\u00fcr eine \u201eEntr\u00fcmpelung der Klimapolitik\u201c warb auch <b>J\u00f6rg Br\u00f6mer<\/b>, Gesch\u00e4ftsf\u00fchrer der Br\u00f6mer &amp; Sohn GmbH, Wiesbaden, und Vorsitzender des <b>VhU-Bauausschusses<\/b>: \u201eWenn der CO2-Aussto\u00df durch Heiz\u00f6l und Erdgas gedeckelt wird und von Jahr zu Jahr sinke, gibt es keine klimapolitische Rechtfertigung mehr, einzelne Regulierungen zu versch\u00e4rfen oder neue einzuf\u00fchren. Schon heute ist die Energieeinsparverordnung ein Hauptkostentreiber beim Bauen. So werden die Mietpreise gesteigert und Investitionen erschwert. Das ist klimapolitisch kontraproduktiv und hilft nicht bei der Schaffung von mehr g\u00fcnstigem Wohnraum.\u201c<\/p>\n<p><b>Dr.-Ing. Jochen Knake<\/b>, Gesch\u00e4ftsf\u00fchrer des Elektroindustrieunternehmens Nolta GmbH, C\u00f6lbe, und Vorsitzender des <b>VhU-Verkehrsausschusses<\/b>, sprach sich gegen Kaufpr\u00e4mien oder sonstige Subventionen f\u00fcr Elektrofahrzeuge oder Fahrzeuge mit anderen Antriebsarten aus: \u201e<strong>Woher will der Staat wissen, was die beste Technik ist?<\/strong> Ein CO2-Deckel im Stra\u00dfenverkehr reicht als klimapolitisches Steuerungsinstrument aus. <strong>Welche Antriebstechnik, welche Kraftstoffe und welche Mobilit\u00e4tskonzepte sich auf zunehmend dekarbonisierenden Mobilit\u00e4tsm\u00e4rkten durchsetzen werden, wird der Wettbewerb zeigen. Die Weisheit der vielen Individuen d\u00fcrfte die \u00f6kologischen Ziele besser erreichen als die Planung einiger Weniger am gr\u00fcnen Tisch<\/strong>.\u201c<\/p>\n<p><i>Bitte richten Sie Ihre Fragen an:<br \/>\nDr. Ulrich Kirsch<br \/>\nGesch\u00e4ftsf\u00fchrer Kommunikation und Presse, Vereinigung der hessischen Unternehmerverb\u00e4nde e. V. (VhU)<br \/>\nTelefon: 069 95808-150, Mobil: 0172 7120373, E-Mail: ukirsch@vhu.de<\/i><\/p>\n<div class=\"shariff shariff-align-flex-start shariff-widget-align-flex-start\" data-services=\"facebook\" data-url=\"http%3A%2F%2Fwww.vernunftkraft-hessen.de%2Fwordpress%2F2016%2F04%2F26%2Faehrlich-sinkende-co2-deckel-fuer-benzin-diesel-heizoel-und-erdgas-statt-staendig-neue-verteuerungen-und-vorschriften%2F\" data-timestamp=\"1461682469\" data-hidezero=\"1\" data-backendurl=\"http:\/\/www.vernunftkraft-hessen.de\/wordpress\/wp-json\/shariff\/v1\/share_counts?\"><div class=\"ShariffHeadline\">Diesen Beitrag teilen<\/div><ul class=\"shariff-buttons theme-color orientation-horizontal buttonsize-small\"><li class=\"shariff-button facebook shariff-nocustomcolor\" style=\"background-color:#4273c8\"><a href=\"https:\/\/www.facebook.com\/sharer\/sharer.php?u=http%3A%2F%2Fwww.vernunftkraft-hessen.de%2Fwordpress%2F2016%2F04%2F26%2Faehrlich-sinkende-co2-deckel-fuer-benzin-diesel-heizoel-und-erdgas-statt-staendig-neue-verteuerungen-und-vorschriften%2F\" title=\"Bei Facebook teilen\" aria-label=\"Bei Facebook teilen\" role=\"button\" rel=\"nofollow\" class=\"shariff-link\" style=\"; background-color:#3b5998; color:#fff\" target=\"_blank\"><span class=\"shariff-icon\" style=\"\"><svg width=\"32px\" height=\"20px\" xmlns=\"http:\/\/www.w3.org\/2000\/svg\" viewBox=\"0 0 18 32\"><path fill=\"#3b5998\" d=\"M17.1 0.2v4.7h-2.8q-1.5 0-2.1 0.6t-0.5 1.9v3.4h5.2l-0.7 5.3h-4.5v13.6h-5.5v-13.6h-4.5v-5.3h4.5v-3.9q0-3.3 1.9-5.2t5-1.8q2.6 0 4.1 0.2z\"\/><\/svg><\/span><span class=\"shariff-text\">teilen<\/span>&nbsp;<span data-service=\"facebook\" style=\"color:#3b5998\" class=\"shariff-count shariff-hidezero\"><\/span>&nbsp;<\/a><\/li><li class=\"shariff-button whatsapp shariff-nocustomcolor\" style=\"background-color:#5cbe4a\"><a href=\"https:\/\/api.whatsapp.com\/send?text=http%3A%2F%2Fwww.vernunftkraft-hessen.de%2Fwordpress%2F2016%2F04%2F26%2Faehrlich-sinkende-co2-deckel-fuer-benzin-diesel-heizoel-und-erdgas-statt-staendig-neue-verteuerungen-und-vorschriften%2F%20J%C3%A4hrlich%20sinkende%20CO2-Deckel%20f%C3%BCr%20Benzin%2C%20Diesel%2C%20Heiz%C3%B6l%20und%20Erdgas%2C%20statt%20st%C3%A4ndig%20neue%20Verteuerungen%20und%20Vorschriften\" title=\"Bei Whatsapp teilen\" aria-label=\"Bei Whatsapp teilen\" role=\"button\" rel=\"noopener nofollow\" class=\"shariff-link\" style=\"; background-color:#34af23; color:#fff\" target=\"_blank\"><span class=\"shariff-icon\" style=\"\"><svg width=\"32px\" height=\"20px\" xmlns=\"http:\/\/www.w3.org\/2000\/svg\" viewBox=\"0 0 32 32\"><path fill=\"#34af23\" d=\"M17.6 17.4q0.2 0 1.7 0.8t1.6 0.9q0 0.1 0 0.3 0 0.6-0.3 1.4-0.3 0.7-1.3 1.2t-1.8 0.5q-1 0-3.4-1.1-1.7-0.8-3-2.1t-2.6-3.3q-1.3-1.9-1.3-3.5v-0.1q0.1-1.6 1.3-2.8 0.4-0.4 0.9-0.4 0.1 0 0.3 0t0.3 0q0.3 0 0.5 0.1t0.3 0.5q0.1 0.4 0.6 1.6t0.4 1.3q0 0.4-0.6 1t-0.6 0.8q0 0.1 0.1 0.3 0.6 1.3 1.8 2.4 1 0.9 2.7 1.8 0.2 0.1 0.4 0.1 0.3 0 1-0.9t0.9-0.9zM14 26.9q2.3 0 4.3-0.9t3.6-2.4 2.4-3.6 0.9-4.3-0.9-4.3-2.4-3.6-3.6-2.4-4.3-0.9-4.3 0.9-3.6 2.4-2.4 3.6-0.9 4.3q0 3.6 2.1 6.6l-1.4 4.2 4.3-1.4q2.8 1.9 6.2 1.9zM14 2.2q2.7 0 5.2 1.1t4.3 2.9 2.9 4.3 1.1 5.2-1.1 5.2-2.9 4.3-4.3 2.9-5.2 1.1q-3.5 0-6.5-1.7l-7.4 2.4 2.4-7.2q-1.9-3.2-1.9-6.9 0-2.7 1.1-5.2t2.9-4.3 4.3-2.9 5.2-1.1z\"\/><\/svg><\/span><span class=\"shariff-text\">teilen<\/span>&nbsp;<\/a><\/li><li class=\"shariff-button threema shariff-nocustomcolor shariff-mobile\" style=\"background-color:#4fbc24\"><a href=\"threema:\/\/compose?text=J%C3%A4hrlich%20sinkende%20CO2-Deckel%20f%C3%BCr%20Benzin%2C%20Diesel%2C%20Heiz%C3%B6l%20und%20Erdgas%2C%20statt%20st%C3%A4ndig%20neue%20Verteuerungen%20und%20Vorschriften%20http%3A%2F%2Fwww.vernunftkraft-hessen.de%2Fwordpress%2F2016%2F04%2F26%2Faehrlich-sinkende-co2-deckel-fuer-benzin-diesel-heizoel-und-erdgas-statt-staendig-neue-verteuerungen-und-vorschriften%2F\" title=\"Bei Threema teilen\" aria-label=\"Bei Threema teilen\" role=\"button\" rel=\"noopener nofollow\" class=\"shariff-link\" style=\"; background-color:#1f1f1f; color:#fff\" target=\"_blank\"><span class=\"shariff-icon\" style=\"\"><svg width=\"32px\" height=\"20px\" xmlns=\"http:\/\/www.w3.org\/2000\/svg\" viewBox=\"0 0 32 32\"><path fill=\"#1f1f1f\" d=\"M30.8 10.9c-0.3-1.4-0.9-2.6-1.8-3.8-2-2.6-5.5-4.5-9.4-5.2-1.3-0.2-1.9-0.3-3.5-0.3s-2.2 0-3.5 0.3c-4 0.7-7.4 2.6-9.4 5.2-0.9 1.2-1.5 2.4-1.8 3.8-0.1 0.5-0.2 1.2-0.2 1.6 0 0.4 0.1 1.1 0.2 1.6 0.4 1.9 1.3 3.4 2.9 5 0.8 0.8 0.8 0.8 0.7 1.3 0 0.6-0.5 1.6-1.7 3.6-0.3 0.5-0.5 0.9-0.5 0.9 0 0.1 0.1 0.1 0.5 0 0.8-0.2 2.3-0.6 5.6-1.6 1.1-0.3 1.3-0.4 2.3-0.4 0.8 0 1.1 0 2.3 0.2 1.5 0.2 3.5 0.2 4.9 0 5.1-0.6 9.3-2.9 11.4-6.3 0.5-0.9 0.9-1.8 1.1-2.8 0.1-0.5 0.2-1.1 0.2-1.6 0-0.7-0.1-1.1-0.2-1.6-0.3-1.4 0.1 0.5 0 0zM20.6 17.3c0 0.4-0.4 0.8-0.8 0.8h-7.7c-0.4 0-0.8-0.4-0.8-0.8v-4.6c0-0.4 0.4-0.8 0.8-0.8h0.2l0-1.6c0-0.9 0-1.8 0.1-2 0.1-0.6 0.6-1.2 1.1-1.7s1.1-0.7 1.9-0.8c1.8-0.3 3.7 0.7 4.2 2.2 0.1 0.3 0.1 0.7 0.1 2.1v0 1.7h0.1c0.4 0 0.8 0.4 0.8 0.8v4.6zM15.6 7.3c-0.5 0.1-0.8 0.3-1.2 0.6s-0.6 0.8-0.7 1.3c0 0.2 0 0.8 0 1.5l0 1.2h4.6v-1.3c0-1 0-1.4-0.1-1.6-0.3-1.1-1.5-1.9-2.6-1.7zM25.8 28.2c0 1.2-1 2.2-2.1 2.2s-2.1-1-2.1-2.1c0-1.2 1-2.1 2.2-2.1s2.2 1 2.2 2.2zM18.1 28.2c0 1.2-1 2.2-2.1 2.2s-2.1-1-2.1-2.1c0-1.2 1-2.1 2.2-2.1s2.2 1 2.2 2.2zM10.4 28.2c0 1.2-1 2.2-2.1 2.2s-2.1-1-2.1-2.1c0-1.2 1-2.1 2.2-2.1s2.2 1 2.2 2.2z\"\/><\/svg><\/span><span class=\"shariff-text\">teilen<\/span>&nbsp;<\/a><\/li><\/ul><\/div>","protected":false},"excerpt":{"rendered":"<p>Vereinigung der hessischen Unternehmerverb\u00e4nde e. V. (VhU) Frankfurt am Main. \u201eKlimaschutz geht g\u00fcnstiger\u201c, sagt die Vereinigung der hessischen Unternehmerverb\u00e4nde (VhU) und schl\u00e4gt vor, die \u201eerforderliche drastische Verringerung des Treibhausgasaussto\u00dfes\u201c durch mehr Marktwirtschaft und nicht durch neue, teure Einzelregulierungen, Steuern und Subventionen im Stra\u00dfenverkehr, in Geb\u00e4uden, in Industrie und Elektrizit\u00e4tserzeugung zu erreichen.<\/p>\n<div class=\"shariff shariff-align-flex-start shariff-widget-align-flex-start\" data-services=\"facebook\" data-url=\"http%3A%2F%2Fwww.vernunftkraft-hessen.de%2Fwordpress%2F2016%2F04%2F26%2Faehrlich-sinkende-co2-deckel-fuer-benzin-diesel-heizoel-und-erdgas-statt-staendig-neue-verteuerungen-und-vorschriften%2F\" data-timestamp=\"1461682469\" data-hidezero=\"1\" data-backendurl=\"http:\/\/www.vernunftkraft-hessen.de\/wordpress\/wp-json\/shariff\/v1\/share_counts?\"><div class=\"ShariffHeadline\">Diesen Beitrag teilen<\/div><ul class=\"shariff-buttons theme-color orientation-horizontal buttonsize-small\"><li class=\"shariff-button facebook shariff-nocustomcolor\" style=\"background-color:#4273c8\"><a href=\"https:\/\/www.facebook.com\/sharer\/sharer.php?u=http%3A%2F%2Fwww.vernunftkraft-hessen.de%2Fwordpress%2F2016%2F04%2F26%2Faehrlich-sinkende-co2-deckel-fuer-benzin-diesel-heizoel-und-erdgas-statt-staendig-neue-verteuerungen-und-vorschriften%2F\" title=\"Bei Facebook teilen\" aria-label=\"Bei Facebook teilen\" role=\"button\" rel=\"nofollow\" class=\"shariff-link\" style=\"; background-color:#3b5998; color:#fff\" target=\"_blank\"><span class=\"shariff-icon\" style=\"\"><svg width=\"32px\" height=\"20px\" xmlns=\"http:\/\/www.w3.org\/2000\/svg\" viewBox=\"0 0 18 32\"><path fill=\"#3b5998\" d=\"M17.1 0.2v4.7h-2.8q-1.5 0-2.1 0.6t-0.5 1.9v3.4h5.2l-0.7 5.3h-4.5v13.6h-5.5v-13.6h-4.5v-5.3h4.5v-3.9q0-3.3 1.9-5.2t5-1.8q2.6 0 4.1 0.2z\"\/><\/svg><\/span><span class=\"shariff-text\">teilen<\/span>&nbsp;<span data-service=\"facebook\" style=\"color:#3b5998\" class=\"shariff-count shariff-hidezero\"><\/span>&nbsp;<\/a><\/li><li class=\"shariff-button whatsapp shariff-nocustomcolor\" style=\"background-color:#5cbe4a\"><a href=\"https:\/\/api.whatsapp.com\/send?text=http%3A%2F%2Fwww.vernunftkraft-hessen.de%2Fwordpress%2F2016%2F04%2F26%2Faehrlich-sinkende-co2-deckel-fuer-benzin-diesel-heizoel-und-erdgas-statt-staendig-neue-verteuerungen-und-vorschriften%2F%20J%C3%A4hrlich%20sinkende%20CO2-Deckel%20f%C3%BCr%20Benzin%2C%20Diesel%2C%20Heiz%C3%B6l%20und%20Erdgas%2C%20statt%20st%C3%A4ndig%20neue%20Verteuerungen%20und%20Vorschriften\" title=\"Bei Whatsapp teilen\" aria-label=\"Bei Whatsapp teilen\" role=\"button\" rel=\"noopener nofollow\" class=\"shariff-link\" style=\"; background-color:#34af23; color:#fff\" target=\"_blank\"><span class=\"shariff-icon\" style=\"\"><svg width=\"32px\" height=\"20px\" xmlns=\"http:\/\/www.w3.org\/2000\/svg\" viewBox=\"0 0 32 32\"><path fill=\"#34af23\" d=\"M17.6 17.4q0.2 0 1.7 0.8t1.6 0.9q0 0.1 0 0.3 0 0.6-0.3 1.4-0.3 0.7-1.3 1.2t-1.8 0.5q-1 0-3.4-1.1-1.7-0.8-3-2.1t-2.6-3.3q-1.3-1.9-1.3-3.5v-0.1q0.1-1.6 1.3-2.8 0.4-0.4 0.9-0.4 0.1 0 0.3 0t0.3 0q0.3 0 0.5 0.1t0.3 0.5q0.1 0.4 0.6 1.6t0.4 1.3q0 0.4-0.6 1t-0.6 0.8q0 0.1 0.1 0.3 0.6 1.3 1.8 2.4 1 0.9 2.7 1.8 0.2 0.1 0.4 0.1 0.3 0 1-0.9t0.9-0.9zM14 26.9q2.3 0 4.3-0.9t3.6-2.4 2.4-3.6 0.9-4.3-0.9-4.3-2.4-3.6-3.6-2.4-4.3-0.9-4.3 0.9-3.6 2.4-2.4 3.6-0.9 4.3q0 3.6 2.1 6.6l-1.4 4.2 4.3-1.4q2.8 1.9 6.2 1.9zM14 2.2q2.7 0 5.2 1.1t4.3 2.9 2.9 4.3 1.1 5.2-1.1 5.2-2.9 4.3-4.3 2.9-5.2 1.1q-3.5 0-6.5-1.7l-7.4 2.4 2.4-7.2q-1.9-3.2-1.9-6.9 0-2.7 1.1-5.2t2.9-4.3 4.3-2.9 5.2-1.1z\"\/><\/svg><\/span><span class=\"shariff-text\">teilen<\/span>&nbsp;<\/a><\/li><li class=\"shariff-button threema shariff-nocustomcolor shariff-mobile\" style=\"background-color:#4fbc24\"><a href=\"threema:\/\/compose?text=J%C3%A4hrlich%20sinkende%20CO2-Deckel%20f%C3%BCr%20Benzin%2C%20Diesel%2C%20Heiz%C3%B6l%20und%20Erdgas%2C%20statt%20st%C3%A4ndig%20neue%20Verteuerungen%20und%20Vorschriften%20http%3A%2F%2Fwww.vernunftkraft-hessen.de%2Fwordpress%2F2016%2F04%2F26%2Faehrlich-sinkende-co2-deckel-fuer-benzin-diesel-heizoel-und-erdgas-statt-staendig-neue-verteuerungen-und-vorschriften%2F\" title=\"Bei Threema teilen\" aria-label=\"Bei Threema teilen\" role=\"button\" rel=\"noopener nofollow\" class=\"shariff-link\" style=\"; background-color:#1f1f1f; color:#fff\" target=\"_blank\"><span class=\"shariff-icon\" style=\"\"><svg width=\"32px\" height=\"20px\" xmlns=\"http:\/\/www.w3.org\/2000\/svg\" viewBox=\"0 0 32 32\"><path fill=\"#1f1f1f\" d=\"M30.8 10.9c-0.3-1.4-0.9-2.6-1.8-3.8-2-2.6-5.5-4.5-9.4-5.2-1.3-0.2-1.9-0.3-3.5-0.3s-2.2 0-3.5 0.3c-4 0.7-7.4 2.6-9.4 5.2-0.9 1.2-1.5 2.4-1.8 3.8-0.1 0.5-0.2 1.2-0.2 1.6 0 0.4 0.1 1.1 0.2 1.6 0.4 1.9 1.3 3.4 2.9 5 0.8 0.8 0.8 0.8 0.7 1.3 0 0.6-0.5 1.6-1.7 3.6-0.3 0.5-0.5 0.9-0.5 0.9 0 0.1 0.1 0.1 0.5 0 0.8-0.2 2.3-0.6 5.6-1.6 1.1-0.3 1.3-0.4 2.3-0.4 0.8 0 1.1 0 2.3 0.2 1.5 0.2 3.5 0.2 4.9 0 5.1-0.6 9.3-2.9 11.4-6.3 0.5-0.9 0.9-1.8 1.1-2.8 0.1-0.5 0.2-1.1 0.2-1.6 0-0.7-0.1-1.1-0.2-1.6-0.3-1.4 0.1 0.5 0 0zM20.6 17.3c0 0.4-0.4 0.8-0.8 0.8h-7.7c-0.4 0-0.8-0.4-0.8-0.8v-4.6c0-0.4 0.4-0.8 0.8-0.8h0.2l0-1.6c0-0.9 0-1.8 0.1-2 0.1-0.6 0.6-1.2 1.1-1.7s1.1-0.7 1.9-0.8c1.8-0.3 3.7 0.7 4.2 2.2 0.1 0.3 0.1 0.7 0.1 2.1v0 1.7h0.1c0.4 0 0.8 0.4 0.8 0.8v4.6zM15.6 7.3c-0.5 0.1-0.8 0.3-1.2 0.6s-0.6 0.8-0.7 1.3c0 0.2 0 0.8 0 1.5l0 1.2h4.6v-1.3c0-1 0-1.4-0.1-1.6-0.3-1.1-1.5-1.9-2.6-1.7zM25.8 28.2c0 1.2-1 2.2-2.1 2.2s-2.1-1-2.1-2.1c0-1.2 1-2.1 2.2-2.1s2.2 1 2.2 2.2zM18.1 28.2c0 1.2-1 2.2-2.1 2.2s-2.1-1-2.1-2.1c0-1.2 1-2.1 2.2-2.1s2.2 1 2.2 2.2zM10.4 28.2c0 1.2-1 2.2-2.1 2.2s-2.1-1-2.1-2.1c0-1.2 1-2.1 2.2-2.1s2.2 1 2.2 2.2z\"\/><\/svg><\/span><span class=\"shariff-text\">teilen<\/span>&nbsp;<\/a><\/li><\/ul><\/div>","protected":false},"author":9,"featured_media":0,"comment_status":"closed","ping_status":"closed","sticky":false,"template":"","format":"standard","meta":{"footnotes":""},"categories":[1],"tags":[12,17,53,23],"class_list":["post-1073","post","type-post","status-publish","format-standard","hentry","category-allgemein","tag-eeg","tag-energiewende","tag-klima","tag-wirtschaftlichkeit"],"_links":{"self":[{"href":"http:\/\/www.vernunftkraft-hessen.de\/wordpress\/wp-json\/wp\/v2\/posts\/1073","targetHints":{"allow":["GET"]}}],"collection":[{"href":"http:\/\/www.vernunftkraft-hessen.de\/wordpress\/wp-json\/wp\/v2\/posts"}],"about":[{"href":"http:\/\/www.vernunftkraft-hessen.de\/wordpress\/wp-json\/wp\/v2\/types\/post"}],"author":[{"embeddable":true,"href":"http:\/\/www.vernunftkraft-hessen.de\/wordpress\/wp-json\/wp\/v2\/users\/9"}],"replies":[{"embeddable":true,"href":"http:\/\/www.vernunftkraft-hessen.de\/wordpress\/wp-json\/wp\/v2\/comments?post=1073"}],"version-history":[{"count":2,"href":"http:\/\/www.vernunftkraft-hessen.de\/wordpress\/wp-json\/wp\/v2\/posts\/1073\/revisions"}],"predecessor-version":[{"id":1075,"href":"http:\/\/www.vernunftkraft-hessen.de\/wordpress\/wp-json\/wp\/v2\/posts\/1073\/revisions\/1075"}],"wp:attachment":[{"href":"http:\/\/www.vernunftkraft-hessen.de\/wordpress\/wp-json\/wp\/v2\/media?parent=1073"}],"wp:term":[{"taxonomy":"category","embeddable":true,"href":"http:\/\/www.vernunftkraft-hessen.de\/wordpress\/wp-json\/wp\/v2\/categories?post=1073"},{"taxonomy":"post_tag","embeddable":true,"href":"http:\/\/www.vernunftkraft-hessen.de\/wordpress\/wp-json\/wp\/v2\/tags?post=1073"}],"curies":[{"name":"wp","href":"https:\/\/api.w.org\/{rel}","templated":true}]}}