{"id":12275,"date":"2018-07-24T18:50:46","date_gmt":"2018-07-24T16:50:46","guid":{"rendered":"http:\/\/www.vernunftkraft-hessen.de\/wordpress\/?p=12275"},"modified":"2018-08-02T04:15:54","modified_gmt":"2018-08-02T02:15:54","slug":"klage-gegen-genehmigungsbescheid-floersbachtal-rosskopf-eingereicht","status":"publish","type":"post","link":"http:\/\/www.vernunftkraft-hessen.de\/wordpress\/2018\/07\/24\/klage-gegen-genehmigungsbescheid-floersbachtal-rosskopf-eingereicht\/","title":{"rendered":"Klage gegen Genehmigungsbescheid Fl\u00f6rsbachtal-Ro\u00dfkopf eingereicht"},"content":{"rendered":"<p><strong>Die intensive inhaltliche und rechtliche Pr\u00fcfung des <a href=\"http:\/\/www.vernunftkraft-hessen.de\/wordpress\/2018\/06\/29\/rp-darmstadt-genehmigt-sechs-windkraftanlagen-im-naturpark-spessart\/\" target=\"_blank\" rel=\"noopener noreferrer\">Genehmigungsbescheids vom 27. Juni 2018<\/a> f\u00fcr sechs Windkraftanlagen am Ro\u00dfkopf in Fl\u00f6rsbachtal hat schwerwiegende M\u00e4ngel offengelegt.<\/strong><\/p>\n<p><!--more--><\/p>\n<pre>Pressemitteilung:\r\n<strong>Deshalb hat die B\u00fcrgerinitiative Windkraft im Spessart \u2013 In Einklang mit Mensch und Natur heute gegen diesen Bescheid Klage beim Verwaltungsgericht Frankfurt eingereicht. Der Genehmigungsbescheid verst\u00f6\u00dft nach Einsch\u00e4tzung der BI gegen wesentliche naturschutzrechtliche Vorgaben im Bundesnaturschutzgesetz.<\/strong> Windkraftanlagen d\u00fcrfen nur genehmigt und gebaut werden, wenn f\u00fcr streng gesch\u00fctzte Tiere wie Mopsfledermaus oder Rotmilan kein signifikant erh\u00f6htes T\u00f6tungsrisiko besteht. Die vom Projektierer juwi vorgeschlagenen Ausgleichsma\u00dfnahmen und Anlagenabschaltungen reichen aber bei weitem nicht aus, um den im Bundesnaturschutzgesetz verankerten Vorgaben zum T\u00f6tungsverbot von streng gesch\u00fctzten V\u00f6geln und S\u00e4ugetieren zu gen\u00fcgen. Dies ist besonders kritisch bei Anlagenstandorten zu bewerten, die mitten in geschlossenen Waldgebieten wie dem Naturpark Spessart liegen. \u201eWir bitten deshalb, unseren gemeinn\u00fctzigen Verein bei der Klage gegen dieses aus naturschutzrechtlicher Sicht sehr bedenkliche Projekt zu unterst\u00fctzen\u201c, erg\u00e4nzt <strong>BI Vorstand Dr. Berthold Andres und bittet um Spenden auf das Konto <span style=\"background-color: #ff9900;\">DE89 5066 1639 0001 0627 51 der BI bei der VR Bank Main-Kinzig-B\u00fcdingen.<\/span><\/strong>\r\n\r\n<strong>Bei seinem Genehmigungsantrag hat der Projektierer juwi keinen Sofortvollzug beantragt, deshalb hat die heutige Klage der BI aufschiebende Wirkung. Damit sind an den geplanten Standorten ab sofort keine Bauma\u00dfnahmen erlaubt.<\/strong> Die BI geht davon aus, dass sich der Projektierer juwi und die Naturenergie Main-Kinzig selbstverst\u00e4ndlich an alle Auflagen halten werden, bittet aber unabh\u00e4ngig davon, alle verd\u00e4chtigen Bauma\u00dfnahmen im Bereich des Ro\u00dfkopfs unter der E-Mail Adresse <a href=\"mailto:info@windkraft-im-spessart.de\" target=\"_blank\" rel=\"noopener noreferrer\">info@windkraft-im-spessart.de<\/a> an den Vorstand der BI, m\u00f6glichst mit Bildern, zu melden.\r\n\r\nMit dem jetzt vorliegenden Genehmigungsbescheid f\u00fcr die sechs Windkraftanlagen am Ro\u00dfkopf wurde der Bau der ersten Anlagen im Herzen des Naturparks Spessart genehmigt. <strong>Durch die Errichtung dieser Anlagen am Ro\u00dfkopf w\u00fcrde dieser Bereich des Naturparks Spessart als vorbelastetes Gebiet gelten und es w\u00e4re kurzfristig mit dem Bau weiterer Anlagen zu rechnen.<\/strong> \u201eWir bef\u00fcrchten deshalb auch einen Dominoeffekt f\u00fcr den Naturpark Spessart. Betroffen w\u00e4re davon insbesondere das Gebiet <strong>rund um Mosborn<\/strong>, wo die Planungen f\u00fcr weitere Windkraftanlagen bereits auf Hochtouren laufen, und <strong>die avisierten Vorrangfl\u00e4chen zwischen Bad Orb und Biebergem\u00fcnd<\/strong>, die an der geplanten Kabeltrasse f\u00fcr die Anlagen am Ro\u00dfkopf liegen,\u201c fasst BI Vorstand Rolf Zimmermann die weiteren Bef\u00fcrchtungen der BI zusammen.<\/pre>\n<p>&nbsp;<\/p>\n<div class=\"shariff shariff-align-flex-start shariff-widget-align-flex-start\" data-services=\"facebook\" data-url=\"http%3A%2F%2Fwww.vernunftkraft-hessen.de%2Fwordpress%2F2018%2F07%2F24%2Fklage-gegen-genehmigungsbescheid-floersbachtal-rosskopf-eingereicht%2F\" data-timestamp=\"1533183354\" data-hidezero=\"1\" data-backendurl=\"http:\/\/www.vernunftkraft-hessen.de\/wordpress\/wp-json\/shariff\/v1\/share_counts?\"><div class=\"ShariffHeadline\">Diesen Beitrag teilen<\/div><ul class=\"shariff-buttons theme-color orientation-horizontal buttonsize-small\"><li class=\"shariff-button facebook shariff-nocustomcolor\" style=\"background-color:#4273c8\"><a href=\"https:\/\/www.facebook.com\/sharer\/sharer.php?u=http%3A%2F%2Fwww.vernunftkraft-hessen.de%2Fwordpress%2F2018%2F07%2F24%2Fklage-gegen-genehmigungsbescheid-floersbachtal-rosskopf-eingereicht%2F\" title=\"Bei Facebook teilen\" aria-label=\"Bei Facebook teilen\" role=\"button\" rel=\"nofollow\" class=\"shariff-link\" style=\"; background-color:#3b5998; color:#fff\" target=\"_blank\"><span class=\"shariff-icon\" style=\"\"><svg width=\"32px\" height=\"20px\" xmlns=\"http:\/\/www.w3.org\/2000\/svg\" viewBox=\"0 0 18 32\"><path fill=\"#3b5998\" d=\"M17.1 0.2v4.7h-2.8q-1.5 0-2.1 0.6t-0.5 1.9v3.4h5.2l-0.7 5.3h-4.5v13.6h-5.5v-13.6h-4.5v-5.3h4.5v-3.9q0-3.3 1.9-5.2t5-1.8q2.6 0 4.1 0.2z\"\/><\/svg><\/span><span class=\"shariff-text\">teilen<\/span>&nbsp;<span data-service=\"facebook\" style=\"color:#3b5998\" class=\"shariff-count shariff-hidezero\"><\/span>&nbsp;<\/a><\/li><li class=\"shariff-button whatsapp shariff-nocustomcolor\" style=\"background-color:#5cbe4a\"><a href=\"https:\/\/api.whatsapp.com\/send?text=http%3A%2F%2Fwww.vernunftkraft-hessen.de%2Fwordpress%2F2018%2F07%2F24%2Fklage-gegen-genehmigungsbescheid-floersbachtal-rosskopf-eingereicht%2F%20Klage%20gegen%20Genehmigungsbescheid%20Fl%C3%B6rsbachtal-Ro%C3%9Fkopf%20eingereicht\" title=\"Bei Whatsapp teilen\" aria-label=\"Bei Whatsapp teilen\" role=\"button\" rel=\"noopener nofollow\" class=\"shariff-link\" style=\"; background-color:#34af23; color:#fff\" target=\"_blank\"><span class=\"shariff-icon\" style=\"\"><svg width=\"32px\" height=\"20px\" xmlns=\"http:\/\/www.w3.org\/2000\/svg\" viewBox=\"0 0 32 32\"><path fill=\"#34af23\" d=\"M17.6 17.4q0.2 0 1.7 0.8t1.6 0.9q0 0.1 0 0.3 0 0.6-0.3 1.4-0.3 0.7-1.3 1.2t-1.8 0.5q-1 0-3.4-1.1-1.7-0.8-3-2.1t-2.6-3.3q-1.3-1.9-1.3-3.5v-0.1q0.1-1.6 1.3-2.8 0.4-0.4 0.9-0.4 0.1 0 0.3 0t0.3 0q0.3 0 0.5 0.1t0.3 0.5q0.1 0.4 0.6 1.6t0.4 1.3q0 0.4-0.6 1t-0.6 0.8q0 0.1 0.1 0.3 0.6 1.3 1.8 2.4 1 0.9 2.7 1.8 0.2 0.1 0.4 0.1 0.3 0 1-0.9t0.9-0.9zM14 26.9q2.3 0 4.3-0.9t3.6-2.4 2.4-3.6 0.9-4.3-0.9-4.3-2.4-3.6-3.6-2.4-4.3-0.9-4.3 0.9-3.6 2.4-2.4 3.6-0.9 4.3q0 3.6 2.1 6.6l-1.4 4.2 4.3-1.4q2.8 1.9 6.2 1.9zM14 2.2q2.7 0 5.2 1.1t4.3 2.9 2.9 4.3 1.1 5.2-1.1 5.2-2.9 4.3-4.3 2.9-5.2 1.1q-3.5 0-6.5-1.7l-7.4 2.4 2.4-7.2q-1.9-3.2-1.9-6.9 0-2.7 1.1-5.2t2.9-4.3 4.3-2.9 5.2-1.1z\"\/><\/svg><\/span><span class=\"shariff-text\">teilen<\/span>&nbsp;<\/a><\/li><li class=\"shariff-button threema shariff-nocustomcolor shariff-mobile\" style=\"background-color:#4fbc24\"><a href=\"threema:\/\/compose?text=Klage%20gegen%20Genehmigungsbescheid%20Fl%C3%B6rsbachtal-Ro%C3%9Fkopf%20eingereicht%20http%3A%2F%2Fwww.vernunftkraft-hessen.de%2Fwordpress%2F2018%2F07%2F24%2Fklage-gegen-genehmigungsbescheid-floersbachtal-rosskopf-eingereicht%2F\" title=\"Bei Threema teilen\" aria-label=\"Bei Threema teilen\" role=\"button\" rel=\"noopener nofollow\" class=\"shariff-link\" style=\"; background-color:#1f1f1f; color:#fff\" target=\"_blank\"><span class=\"shariff-icon\" style=\"\"><svg width=\"32px\" height=\"20px\" xmlns=\"http:\/\/www.w3.org\/2000\/svg\" viewBox=\"0 0 32 32\"><path fill=\"#1f1f1f\" d=\"M30.8 10.9c-0.3-1.4-0.9-2.6-1.8-3.8-2-2.6-5.5-4.5-9.4-5.2-1.3-0.2-1.9-0.3-3.5-0.3s-2.2 0-3.5 0.3c-4 0.7-7.4 2.6-9.4 5.2-0.9 1.2-1.5 2.4-1.8 3.8-0.1 0.5-0.2 1.2-0.2 1.6 0 0.4 0.1 1.1 0.2 1.6 0.4 1.9 1.3 3.4 2.9 5 0.8 0.8 0.8 0.8 0.7 1.3 0 0.6-0.5 1.6-1.7 3.6-0.3 0.5-0.5 0.9-0.5 0.9 0 0.1 0.1 0.1 0.5 0 0.8-0.2 2.3-0.6 5.6-1.6 1.1-0.3 1.3-0.4 2.3-0.4 0.8 0 1.1 0 2.3 0.2 1.5 0.2 3.5 0.2 4.9 0 5.1-0.6 9.3-2.9 11.4-6.3 0.5-0.9 0.9-1.8 1.1-2.8 0.1-0.5 0.2-1.1 0.2-1.6 0-0.7-0.1-1.1-0.2-1.6-0.3-1.4 0.1 0.5 0 0zM20.6 17.3c0 0.4-0.4 0.8-0.8 0.8h-7.7c-0.4 0-0.8-0.4-0.8-0.8v-4.6c0-0.4 0.4-0.8 0.8-0.8h0.2l0-1.6c0-0.9 0-1.8 0.1-2 0.1-0.6 0.6-1.2 1.1-1.7s1.1-0.7 1.9-0.8c1.8-0.3 3.7 0.7 4.2 2.2 0.1 0.3 0.1 0.7 0.1 2.1v0 1.7h0.1c0.4 0 0.8 0.4 0.8 0.8v4.6zM15.6 7.3c-0.5 0.1-0.8 0.3-1.2 0.6s-0.6 0.8-0.7 1.3c0 0.2 0 0.8 0 1.5l0 1.2h4.6v-1.3c0-1 0-1.4-0.1-1.6-0.3-1.1-1.5-1.9-2.6-1.7zM25.8 28.2c0 1.2-1 2.2-2.1 2.2s-2.1-1-2.1-2.1c0-1.2 1-2.1 2.2-2.1s2.2 1 2.2 2.2zM18.1 28.2c0 1.2-1 2.2-2.1 2.2s-2.1-1-2.1-2.1c0-1.2 1-2.1 2.2-2.1s2.2 1 2.2 2.2zM10.4 28.2c0 1.2-1 2.2-2.1 2.2s-2.1-1-2.1-2.1c0-1.2 1-2.1 2.2-2.1s2.2 1 2.2 2.2z\"\/><\/svg><\/span><span class=\"shariff-text\">teilen<\/span>&nbsp;<\/a><\/li><\/ul><\/div>","protected":false},"excerpt":{"rendered":"<p>Die intensive inhaltliche und rechtliche Pr\u00fcfung des Genehmigungsbescheids vom 27. Juni 2018 f\u00fcr sechs Windkraftanlagen am Ro\u00dfkopf in Fl\u00f6rsbachtal hat schwerwiegende M\u00e4ngel offengelegt.<\/p>\n<div class=\"shariff shariff-align-flex-start shariff-widget-align-flex-start\" data-services=\"facebook\" data-url=\"http%3A%2F%2Fwww.vernunftkraft-hessen.de%2Fwordpress%2F2018%2F07%2F24%2Fklage-gegen-genehmigungsbescheid-floersbachtal-rosskopf-eingereicht%2F\" data-timestamp=\"1533183354\" data-hidezero=\"1\" data-backendurl=\"http:\/\/www.vernunftkraft-hessen.de\/wordpress\/wp-json\/shariff\/v1\/share_counts?\"><div class=\"ShariffHeadline\">Diesen Beitrag teilen<\/div><ul class=\"shariff-buttons theme-color orientation-horizontal buttonsize-small\"><li class=\"shariff-button facebook shariff-nocustomcolor\" style=\"background-color:#4273c8\"><a href=\"https:\/\/www.facebook.com\/sharer\/sharer.php?u=http%3A%2F%2Fwww.vernunftkraft-hessen.de%2Fwordpress%2F2018%2F07%2F24%2Fklage-gegen-genehmigungsbescheid-floersbachtal-rosskopf-eingereicht%2F\" title=\"Bei Facebook teilen\" aria-label=\"Bei Facebook teilen\" role=\"button\" rel=\"nofollow\" class=\"shariff-link\" style=\"; background-color:#3b5998; color:#fff\" target=\"_blank\"><span class=\"shariff-icon\" style=\"\"><svg width=\"32px\" height=\"20px\" xmlns=\"http:\/\/www.w3.org\/2000\/svg\" viewBox=\"0 0 18 32\"><path fill=\"#3b5998\" d=\"M17.1 0.2v4.7h-2.8q-1.5 0-2.1 0.6t-0.5 1.9v3.4h5.2l-0.7 5.3h-4.5v13.6h-5.5v-13.6h-4.5v-5.3h4.5v-3.9q0-3.3 1.9-5.2t5-1.8q2.6 0 4.1 0.2z\"\/><\/svg><\/span><span class=\"shariff-text\">teilen<\/span>&nbsp;<span data-service=\"facebook\" style=\"color:#3b5998\" class=\"shariff-count shariff-hidezero\"><\/span>&nbsp;<\/a><\/li><li class=\"shariff-button whatsapp shariff-nocustomcolor\" style=\"background-color:#5cbe4a\"><a href=\"https:\/\/api.whatsapp.com\/send?text=http%3A%2F%2Fwww.vernunftkraft-hessen.de%2Fwordpress%2F2018%2F07%2F24%2Fklage-gegen-genehmigungsbescheid-floersbachtal-rosskopf-eingereicht%2F%20Klage%20gegen%20Genehmigungsbescheid%20Fl%C3%B6rsbachtal-Ro%C3%9Fkopf%20eingereicht\" title=\"Bei Whatsapp teilen\" aria-label=\"Bei Whatsapp teilen\" role=\"button\" rel=\"noopener nofollow\" class=\"shariff-link\" style=\"; background-color:#34af23; color:#fff\" target=\"_blank\"><span class=\"shariff-icon\" style=\"\"><svg width=\"32px\" height=\"20px\" xmlns=\"http:\/\/www.w3.org\/2000\/svg\" viewBox=\"0 0 32 32\"><path fill=\"#34af23\" d=\"M17.6 17.4q0.2 0 1.7 0.8t1.6 0.9q0 0.1 0 0.3 0 0.6-0.3 1.4-0.3 0.7-1.3 1.2t-1.8 0.5q-1 0-3.4-1.1-1.7-0.8-3-2.1t-2.6-3.3q-1.3-1.9-1.3-3.5v-0.1q0.1-1.6 1.3-2.8 0.4-0.4 0.9-0.4 0.1 0 0.3 0t0.3 0q0.3 0 0.5 0.1t0.3 0.5q0.1 0.4 0.6 1.6t0.4 1.3q0 0.4-0.6 1t-0.6 0.8q0 0.1 0.1 0.3 0.6 1.3 1.8 2.4 1 0.9 2.7 1.8 0.2 0.1 0.4 0.1 0.3 0 1-0.9t0.9-0.9zM14 26.9q2.3 0 4.3-0.9t3.6-2.4 2.4-3.6 0.9-4.3-0.9-4.3-2.4-3.6-3.6-2.4-4.3-0.9-4.3 0.9-3.6 2.4-2.4 3.6-0.9 4.3q0 3.6 2.1 6.6l-1.4 4.2 4.3-1.4q2.8 1.9 6.2 1.9zM14 2.2q2.7 0 5.2 1.1t4.3 2.9 2.9 4.3 1.1 5.2-1.1 5.2-2.9 4.3-4.3 2.9-5.2 1.1q-3.5 0-6.5-1.7l-7.4 2.4 2.4-7.2q-1.9-3.2-1.9-6.9 0-2.7 1.1-5.2t2.9-4.3 4.3-2.9 5.2-1.1z\"\/><\/svg><\/span><span class=\"shariff-text\">teilen<\/span>&nbsp;<\/a><\/li><li class=\"shariff-button threema shariff-nocustomcolor shariff-mobile\" style=\"background-color:#4fbc24\"><a href=\"threema:\/\/compose?text=Klage%20gegen%20Genehmigungsbescheid%20Fl%C3%B6rsbachtal-Ro%C3%9Fkopf%20eingereicht%20http%3A%2F%2Fwww.vernunftkraft-hessen.de%2Fwordpress%2F2018%2F07%2F24%2Fklage-gegen-genehmigungsbescheid-floersbachtal-rosskopf-eingereicht%2F\" title=\"Bei Threema teilen\" aria-label=\"Bei Threema teilen\" role=\"button\" rel=\"noopener nofollow\" class=\"shariff-link\" style=\"; background-color:#1f1f1f; color:#fff\" target=\"_blank\"><span class=\"shariff-icon\" style=\"\"><svg width=\"32px\" height=\"20px\" xmlns=\"http:\/\/www.w3.org\/2000\/svg\" viewBox=\"0 0 32 32\"><path fill=\"#1f1f1f\" d=\"M30.8 10.9c-0.3-1.4-0.9-2.6-1.8-3.8-2-2.6-5.5-4.5-9.4-5.2-1.3-0.2-1.9-0.3-3.5-0.3s-2.2 0-3.5 0.3c-4 0.7-7.4 2.6-9.4 5.2-0.9 1.2-1.5 2.4-1.8 3.8-0.1 0.5-0.2 1.2-0.2 1.6 0 0.4 0.1 1.1 0.2 1.6 0.4 1.9 1.3 3.4 2.9 5 0.8 0.8 0.8 0.8 0.7 1.3 0 0.6-0.5 1.6-1.7 3.6-0.3 0.5-0.5 0.9-0.5 0.9 0 0.1 0.1 0.1 0.5 0 0.8-0.2 2.3-0.6 5.6-1.6 1.1-0.3 1.3-0.4 2.3-0.4 0.8 0 1.1 0 2.3 0.2 1.5 0.2 3.5 0.2 4.9 0 5.1-0.6 9.3-2.9 11.4-6.3 0.5-0.9 0.9-1.8 1.1-2.8 0.1-0.5 0.2-1.1 0.2-1.6 0-0.7-0.1-1.1-0.2-1.6-0.3-1.4 0.1 0.5 0 0zM20.6 17.3c0 0.4-0.4 0.8-0.8 0.8h-7.7c-0.4 0-0.8-0.4-0.8-0.8v-4.6c0-0.4 0.4-0.8 0.8-0.8h0.2l0-1.6c0-0.9 0-1.8 0.1-2 0.1-0.6 0.6-1.2 1.1-1.7s1.1-0.7 1.9-0.8c1.8-0.3 3.7 0.7 4.2 2.2 0.1 0.3 0.1 0.7 0.1 2.1v0 1.7h0.1c0.4 0 0.8 0.4 0.8 0.8v4.6zM15.6 7.3c-0.5 0.1-0.8 0.3-1.2 0.6s-0.6 0.8-0.7 1.3c0 0.2 0 0.8 0 1.5l0 1.2h4.6v-1.3c0-1 0-1.4-0.1-1.6-0.3-1.1-1.5-1.9-2.6-1.7zM25.8 28.2c0 1.2-1 2.2-2.1 2.2s-2.1-1-2.1-2.1c0-1.2 1-2.1 2.2-2.1s2.2 1 2.2 2.2zM18.1 28.2c0 1.2-1 2.2-2.1 2.2s-2.1-1-2.1-2.1c0-1.2 1-2.1 2.2-2.1s2.2 1 2.2 2.2zM10.4 28.2c0 1.2-1 2.2-2.1 2.2s-2.1-1-2.1-2.1c0-1.2 1-2.1 2.2-2.1s2.2 1 2.2 2.2z\"\/><\/svg><\/span><span class=\"shariff-text\">teilen<\/span>&nbsp;<\/a><\/li><\/ul><\/div>","protected":false},"author":26,"featured_media":0,"comment_status":"closed","ping_status":"closed","sticky":false,"template":"","format":"standard","meta":{"footnotes":""},"categories":[75,98],"tags":[81,51,25,34,63,49],"class_list":["post-12275","post","type-post","status-publish","format-standard","hentry","category-recht","category-zubau","tag-artenschutz","tag-genehmigung","tag-klagen","tag-natur","tag-widerstand","tag-zubau"],"_links":{"self":[{"href":"http:\/\/www.vernunftkraft-hessen.de\/wordpress\/wp-json\/wp\/v2\/posts\/12275","targetHints":{"allow":["GET"]}}],"collection":[{"href":"http:\/\/www.vernunftkraft-hessen.de\/wordpress\/wp-json\/wp\/v2\/posts"}],"about":[{"href":"http:\/\/www.vernunftkraft-hessen.de\/wordpress\/wp-json\/wp\/v2\/types\/post"}],"author":[{"embeddable":true,"href":"http:\/\/www.vernunftkraft-hessen.de\/wordpress\/wp-json\/wp\/v2\/users\/26"}],"replies":[{"embeddable":true,"href":"http:\/\/www.vernunftkraft-hessen.de\/wordpress\/wp-json\/wp\/v2\/comments?post=12275"}],"version-history":[{"count":3,"href":"http:\/\/www.vernunftkraft-hessen.de\/wordpress\/wp-json\/wp\/v2\/posts\/12275\/revisions"}],"predecessor-version":[{"id":12279,"href":"http:\/\/www.vernunftkraft-hessen.de\/wordpress\/wp-json\/wp\/v2\/posts\/12275\/revisions\/12279"}],"wp:attachment":[{"href":"http:\/\/www.vernunftkraft-hessen.de\/wordpress\/wp-json\/wp\/v2\/media?parent=12275"}],"wp:term":[{"taxonomy":"category","embeddable":true,"href":"http:\/\/www.vernunftkraft-hessen.de\/wordpress\/wp-json\/wp\/v2\/categories?post=12275"},{"taxonomy":"post_tag","embeddable":true,"href":"http:\/\/www.vernunftkraft-hessen.de\/wordpress\/wp-json\/wp\/v2\/tags?post=12275"}],"curies":[{"name":"wp","href":"https:\/\/api.w.org\/{rel}","templated":true}]}}