{"id":15526,"date":"2019-03-14T01:28:15","date_gmt":"2019-03-14T00:28:15","guid":{"rendered":"http:\/\/www.vernunftkraft-hessen.de\/wordpress\/?p=15526"},"modified":"2019-03-14T01:28:15","modified_gmt":"2019-03-14T00:28:15","slug":"konkretisieren-des-kohleausstiegs-im-spaetherbst-gesetzesentwuerfe-zum-steinkohle-und-zum-braunkohleausstieg","status":"publish","type":"post","link":"http:\/\/www.vernunftkraft-hessen.de\/wordpress\/2019\/03\/14\/konkretisieren-des-kohleausstiegs-im-spaetherbst-gesetzesentwuerfe-zum-steinkohle-und-zum-braunkohleausstieg\/","title":{"rendered":"Konkretisieren des Kohleausstiegs: Im Sp\u00e4therbst Gesetzesentw\u00fcrfe zum Steinkohle- und zum Braunkohleausstieg"},"content":{"rendered":"<p><span style=\"font-size: 12pt;\"><strong>Der neue Staatssekret\u00e4r f\u00fcr Energiefragen im Bundeswirtschafts-ministerium, Andreas Feicht, hat den Zeitplan f\u00fcr den politischen Prozess rund um den Kohle-Ausstieg konkretisiert. Zu Fragen des Strukturwandels in den betroffenen Regionen und Revieren werde es noch im Fr\u00fchjahr Eckpunkte geben, sagte Feicht bei einem Besuch im Wirtschaftsausschuss am Mittwoch. Was den energiewirtschaftlichen Teil betreffe, sollten im Sp\u00e4therbst Gesetzesentw\u00fcrfe zum Steinkohle- und zum Braunkohleausstieg erarbeitet sein. Ob die zwei Themen in ein Gesetz gegossen w\u00fcrden, sei noch offen.<\/strong><\/span><\/p>\n<p><strong>Feicht, der seit Februar f\u00fcr die zwei Energieabteilungen im Ministerium zust\u00e4ndig ist, w\u00fcrdigte den Bericht der Kommission &#8220;Wachstum, Strukturwandel und Besch\u00e4ftigung&#8221; als hervorragende Arbeit.<\/strong><\/p>\n<p><!--more--><br \/>\nEr ber\u00fccksichtige auch Fragen nach der Wirkung von Ma\u00dfnahmen. Der Staatssekret\u00e4r sprach sich zugleich daf\u00fcr aus, bei der Bewertung einzelner Punkte und Schlussfolgerungen sorgf\u00e4ltig vorzugehen. Es gehe darum, einen seri\u00f6sen Weg einzuschlagen, auch wenn die Zeit wegen der Handlungsl\u00fccke bei den Klimazielen f\u00fcr 2020 dr\u00e4nge, sagte er.<\/p>\n<p>Abgeordnete der Unionsfraktion drangen in dem Gespr\u00e4ch auf eine Bewertung des Endberichts, w\u00e4hrend Vertreter der SPD-Fraktion das Augenmerk auf ein besseres Aussch\u00f6pfen von Innovationspotenzial lenkten und in Frage stellten, ob die bisherigen Instrumente daf\u00fcr ausreichten.<\/p>\n<p><strong>Die AfD-Fraktion bezeichnete den geplanten energiepolitischen Weg der Bundesregierung als einen, der sehenden Auges in die Gefahr von Stromausf\u00e4llen steuere.<\/strong> Es gebe keinen Fahrplan f\u00fcr einen Blackout, f\u00fcgte ein Abgeordneter hinzu. <strong>Die FDP-Fraktion erinnerte daran, dass Ziel aller Ma\u00dfnahmen das Einsparen von Kohlendioxid-Emissionen sein m\u00fcsse. Vor allem im Bereich W\u00e4rme\/Geb\u00e4udeenergien mangele es an Ideen.<\/strong> Die Linksfraktion m\u00f6chte vor allem wissen, wie es um eventuelle Entsch\u00e4digungszahlungen f\u00fcr Energiekonzerne bestellt ist; derweil pochte die Fraktion B\u00fcndnis 90\/Die Gr\u00fcnen ebenfalls auf einen verbindlichen Zeitplan unter Verweis darauf, dass die L\u00fccke zu Energie- und Klimazielen zum Jahr 2020 klaffe &#8211; also dem kommenden Jahr.<\/p>\n<p><span style=\"color: #000000;\"><i>erschienen am:<\/i>\u00a0<a href=\"http:\/\/www.umweltruf.de\/\/2019_Programm\/news\/news3.php3?nummer=1667\" target=\"_blank\" rel=\"noopener noreferrer\">2019-03-13 im europaticker<\/a><\/span><\/p>\n<p>&nbsp;<\/p>\n<div class=\"shariff shariff-align-flex-start shariff-widget-align-flex-start\" data-services=\"facebook\" data-url=\"http%3A%2F%2Fwww.vernunftkraft-hessen.de%2Fwordpress%2F2019%2F03%2F14%2Fkonkretisieren-des-kohleausstiegs-im-spaetherbst-gesetzesentwuerfe-zum-steinkohle-und-zum-braunkohleausstieg%2F\" data-timestamp=\"1552526895\" data-hidezero=\"1\" data-backendurl=\"http:\/\/www.vernunftkraft-hessen.de\/wordpress\/wp-json\/shariff\/v1\/share_counts?\"><div class=\"ShariffHeadline\">Diesen Beitrag teilen<\/div><ul class=\"shariff-buttons theme-color orientation-horizontal buttonsize-small\"><li class=\"shariff-button facebook shariff-nocustomcolor\" style=\"background-color:#4273c8\"><a href=\"https:\/\/www.facebook.com\/sharer\/sharer.php?u=http%3A%2F%2Fwww.vernunftkraft-hessen.de%2Fwordpress%2F2019%2F03%2F14%2Fkonkretisieren-des-kohleausstiegs-im-spaetherbst-gesetzesentwuerfe-zum-steinkohle-und-zum-braunkohleausstieg%2F\" title=\"Bei Facebook teilen\" aria-label=\"Bei Facebook teilen\" role=\"button\" rel=\"nofollow\" class=\"shariff-link\" style=\"; background-color:#3b5998; color:#fff\" target=\"_blank\"><span class=\"shariff-icon\" style=\"\"><svg width=\"32px\" height=\"20px\" xmlns=\"http:\/\/www.w3.org\/2000\/svg\" viewBox=\"0 0 18 32\"><path fill=\"#3b5998\" d=\"M17.1 0.2v4.7h-2.8q-1.5 0-2.1 0.6t-0.5 1.9v3.4h5.2l-0.7 5.3h-4.5v13.6h-5.5v-13.6h-4.5v-5.3h4.5v-3.9q0-3.3 1.9-5.2t5-1.8q2.6 0 4.1 0.2z\"\/><\/svg><\/span><span class=\"shariff-text\">teilen<\/span>&nbsp;<span data-service=\"facebook\" style=\"color:#3b5998\" class=\"shariff-count shariff-hidezero\"><\/span>&nbsp;<\/a><\/li><li class=\"shariff-button whatsapp shariff-nocustomcolor\" style=\"background-color:#5cbe4a\"><a href=\"https:\/\/api.whatsapp.com\/send?text=http%3A%2F%2Fwww.vernunftkraft-hessen.de%2Fwordpress%2F2019%2F03%2F14%2Fkonkretisieren-des-kohleausstiegs-im-spaetherbst-gesetzesentwuerfe-zum-steinkohle-und-zum-braunkohleausstieg%2F%20Konkretisieren%20des%20Kohleausstiegs%3A%20Im%20Sp%C3%A4therbst%20Gesetzesentw%C3%BCrfe%20zum%20Steinkohle-%20und%20zum%20Braunkohleausstieg\" title=\"Bei Whatsapp teilen\" aria-label=\"Bei Whatsapp teilen\" role=\"button\" rel=\"noopener nofollow\" class=\"shariff-link\" style=\"; background-color:#34af23; color:#fff\" target=\"_blank\"><span class=\"shariff-icon\" style=\"\"><svg width=\"32px\" height=\"20px\" xmlns=\"http:\/\/www.w3.org\/2000\/svg\" viewBox=\"0 0 32 32\"><path fill=\"#34af23\" d=\"M17.6 17.4q0.2 0 1.7 0.8t1.6 0.9q0 0.1 0 0.3 0 0.6-0.3 1.4-0.3 0.7-1.3 1.2t-1.8 0.5q-1 0-3.4-1.1-1.7-0.8-3-2.1t-2.6-3.3q-1.3-1.9-1.3-3.5v-0.1q0.1-1.6 1.3-2.8 0.4-0.4 0.9-0.4 0.1 0 0.3 0t0.3 0q0.3 0 0.5 0.1t0.3 0.5q0.1 0.4 0.6 1.6t0.4 1.3q0 0.4-0.6 1t-0.6 0.8q0 0.1 0.1 0.3 0.6 1.3 1.8 2.4 1 0.9 2.7 1.8 0.2 0.1 0.4 0.1 0.3 0 1-0.9t0.9-0.9zM14 26.9q2.3 0 4.3-0.9t3.6-2.4 2.4-3.6 0.9-4.3-0.9-4.3-2.4-3.6-3.6-2.4-4.3-0.9-4.3 0.9-3.6 2.4-2.4 3.6-0.9 4.3q0 3.6 2.1 6.6l-1.4 4.2 4.3-1.4q2.8 1.9 6.2 1.9zM14 2.2q2.7 0 5.2 1.1t4.3 2.9 2.9 4.3 1.1 5.2-1.1 5.2-2.9 4.3-4.3 2.9-5.2 1.1q-3.5 0-6.5-1.7l-7.4 2.4 2.4-7.2q-1.9-3.2-1.9-6.9 0-2.7 1.1-5.2t2.9-4.3 4.3-2.9 5.2-1.1z\"\/><\/svg><\/span><span class=\"shariff-text\">teilen<\/span>&nbsp;<\/a><\/li><li class=\"shariff-button threema shariff-nocustomcolor shariff-mobile\" style=\"background-color:#4fbc24\"><a href=\"threema:\/\/compose?text=Konkretisieren%20des%20Kohleausstiegs%3A%20Im%20Sp%C3%A4therbst%20Gesetzesentw%C3%BCrfe%20zum%20Steinkohle-%20und%20zum%20Braunkohleausstieg%20http%3A%2F%2Fwww.vernunftkraft-hessen.de%2Fwordpress%2F2019%2F03%2F14%2Fkonkretisieren-des-kohleausstiegs-im-spaetherbst-gesetzesentwuerfe-zum-steinkohle-und-zum-braunkohleausstieg%2F\" title=\"Bei Threema teilen\" aria-label=\"Bei Threema teilen\" role=\"button\" rel=\"noopener nofollow\" class=\"shariff-link\" style=\"; background-color:#1f1f1f; color:#fff\" target=\"_blank\"><span class=\"shariff-icon\" style=\"\"><svg width=\"32px\" height=\"20px\" xmlns=\"http:\/\/www.w3.org\/2000\/svg\" viewBox=\"0 0 32 32\"><path fill=\"#1f1f1f\" d=\"M30.8 10.9c-0.3-1.4-0.9-2.6-1.8-3.8-2-2.6-5.5-4.5-9.4-5.2-1.3-0.2-1.9-0.3-3.5-0.3s-2.2 0-3.5 0.3c-4 0.7-7.4 2.6-9.4 5.2-0.9 1.2-1.5 2.4-1.8 3.8-0.1 0.5-0.2 1.2-0.2 1.6 0 0.4 0.1 1.1 0.2 1.6 0.4 1.9 1.3 3.4 2.9 5 0.8 0.8 0.8 0.8 0.7 1.3 0 0.6-0.5 1.6-1.7 3.6-0.3 0.5-0.5 0.9-0.5 0.9 0 0.1 0.1 0.1 0.5 0 0.8-0.2 2.3-0.6 5.6-1.6 1.1-0.3 1.3-0.4 2.3-0.4 0.8 0 1.1 0 2.3 0.2 1.5 0.2 3.5 0.2 4.9 0 5.1-0.6 9.3-2.9 11.4-6.3 0.5-0.9 0.9-1.8 1.1-2.8 0.1-0.5 0.2-1.1 0.2-1.6 0-0.7-0.1-1.1-0.2-1.6-0.3-1.4 0.1 0.5 0 0zM20.6 17.3c0 0.4-0.4 0.8-0.8 0.8h-7.7c-0.4 0-0.8-0.4-0.8-0.8v-4.6c0-0.4 0.4-0.8 0.8-0.8h0.2l0-1.6c0-0.9 0-1.8 0.1-2 0.1-0.6 0.6-1.2 1.1-1.7s1.1-0.7 1.9-0.8c1.8-0.3 3.7 0.7 4.2 2.2 0.1 0.3 0.1 0.7 0.1 2.1v0 1.7h0.1c0.4 0 0.8 0.4 0.8 0.8v4.6zM15.6 7.3c-0.5 0.1-0.8 0.3-1.2 0.6s-0.6 0.8-0.7 1.3c0 0.2 0 0.8 0 1.5l0 1.2h4.6v-1.3c0-1 0-1.4-0.1-1.6-0.3-1.1-1.5-1.9-2.6-1.7zM25.8 28.2c0 1.2-1 2.2-2.1 2.2s-2.1-1-2.1-2.1c0-1.2 1-2.1 2.2-2.1s2.2 1 2.2 2.2zM18.1 28.2c0 1.2-1 2.2-2.1 2.2s-2.1-1-2.1-2.1c0-1.2 1-2.1 2.2-2.1s2.2 1 2.2 2.2zM10.4 28.2c0 1.2-1 2.2-2.1 2.2s-2.1-1-2.1-2.1c0-1.2 1-2.1 2.2-2.1s2.2 1 2.2 2.2z\"\/><\/svg><\/span><span class=\"shariff-text\">teilen<\/span>&nbsp;<\/a><\/li><\/ul><\/div>","protected":false},"excerpt":{"rendered":"<p>Der neue Staatssekret\u00e4r f\u00fcr Energiefragen im Bundeswirtschafts-ministerium, Andreas Feicht, hat den Zeitplan f\u00fcr den politischen Prozess rund um den Kohle-Ausstieg konkretisiert. Zu Fragen des Strukturwandels in den betroffenen Regionen und Revieren werde es noch im Fr\u00fchjahr Eckpunkte geben, sagte Feicht bei einem Besuch im Wirtschaftsausschuss am Mittwoch. Was den energiewirtschaftlichen Teil betreffe, sollten im Sp\u00e4therbst &hellip; <a href=\"http:\/\/www.vernunftkraft-hessen.de\/wordpress\/2019\/03\/14\/konkretisieren-des-kohleausstiegs-im-spaetherbst-gesetzesentwuerfe-zum-steinkohle-und-zum-braunkohleausstieg\/\" class=\"more-link\"><span class=\"screen-reader-text\">\u201eKonkretisieren des Kohleausstiegs: Im Sp\u00e4therbst Gesetzesentw\u00fcrfe zum Steinkohle- und zum Braunkohleausstieg\u201c<\/span> weiterlesen<\/a><\/p>\n<div class=\"shariff shariff-align-flex-start shariff-widget-align-flex-start\" data-services=\"facebook\" data-url=\"http%3A%2F%2Fwww.vernunftkraft-hessen.de%2Fwordpress%2F2019%2F03%2F14%2Fkonkretisieren-des-kohleausstiegs-im-spaetherbst-gesetzesentwuerfe-zum-steinkohle-und-zum-braunkohleausstieg%2F\" data-timestamp=\"1552526895\" data-hidezero=\"1\" data-backendurl=\"http:\/\/www.vernunftkraft-hessen.de\/wordpress\/wp-json\/shariff\/v1\/share_counts?\"><div class=\"ShariffHeadline\">Diesen Beitrag teilen<\/div><ul class=\"shariff-buttons theme-color orientation-horizontal buttonsize-small\"><li class=\"shariff-button facebook shariff-nocustomcolor\" style=\"background-color:#4273c8\"><a href=\"https:\/\/www.facebook.com\/sharer\/sharer.php?u=http%3A%2F%2Fwww.vernunftkraft-hessen.de%2Fwordpress%2F2019%2F03%2F14%2Fkonkretisieren-des-kohleausstiegs-im-spaetherbst-gesetzesentwuerfe-zum-steinkohle-und-zum-braunkohleausstieg%2F\" title=\"Bei Facebook teilen\" aria-label=\"Bei Facebook teilen\" role=\"button\" rel=\"nofollow\" class=\"shariff-link\" style=\"; background-color:#3b5998; color:#fff\" target=\"_blank\"><span class=\"shariff-icon\" style=\"\"><svg width=\"32px\" height=\"20px\" xmlns=\"http:\/\/www.w3.org\/2000\/svg\" viewBox=\"0 0 18 32\"><path fill=\"#3b5998\" d=\"M17.1 0.2v4.7h-2.8q-1.5 0-2.1 0.6t-0.5 1.9v3.4h5.2l-0.7 5.3h-4.5v13.6h-5.5v-13.6h-4.5v-5.3h4.5v-3.9q0-3.3 1.9-5.2t5-1.8q2.6 0 4.1 0.2z\"\/><\/svg><\/span><span class=\"shariff-text\">teilen<\/span>&nbsp;<span data-service=\"facebook\" style=\"color:#3b5998\" class=\"shariff-count shariff-hidezero\"><\/span>&nbsp;<\/a><\/li><li class=\"shariff-button whatsapp shariff-nocustomcolor\" style=\"background-color:#5cbe4a\"><a href=\"https:\/\/api.whatsapp.com\/send?text=http%3A%2F%2Fwww.vernunftkraft-hessen.de%2Fwordpress%2F2019%2F03%2F14%2Fkonkretisieren-des-kohleausstiegs-im-spaetherbst-gesetzesentwuerfe-zum-steinkohle-und-zum-braunkohleausstieg%2F%20Konkretisieren%20des%20Kohleausstiegs%3A%20Im%20Sp%C3%A4therbst%20Gesetzesentw%C3%BCrfe%20zum%20Steinkohle-%20und%20zum%20Braunkohleausstieg\" title=\"Bei Whatsapp teilen\" aria-label=\"Bei Whatsapp teilen\" role=\"button\" rel=\"noopener nofollow\" class=\"shariff-link\" style=\"; background-color:#34af23; color:#fff\" target=\"_blank\"><span class=\"shariff-icon\" style=\"\"><svg width=\"32px\" height=\"20px\" xmlns=\"http:\/\/www.w3.org\/2000\/svg\" viewBox=\"0 0 32 32\"><path fill=\"#34af23\" d=\"M17.6 17.4q0.2 0 1.7 0.8t1.6 0.9q0 0.1 0 0.3 0 0.6-0.3 1.4-0.3 0.7-1.3 1.2t-1.8 0.5q-1 0-3.4-1.1-1.7-0.8-3-2.1t-2.6-3.3q-1.3-1.9-1.3-3.5v-0.1q0.1-1.6 1.3-2.8 0.4-0.4 0.9-0.4 0.1 0 0.3 0t0.3 0q0.3 0 0.5 0.1t0.3 0.5q0.1 0.4 0.6 1.6t0.4 1.3q0 0.4-0.6 1t-0.6 0.8q0 0.1 0.1 0.3 0.6 1.3 1.8 2.4 1 0.9 2.7 1.8 0.2 0.1 0.4 0.1 0.3 0 1-0.9t0.9-0.9zM14 26.9q2.3 0 4.3-0.9t3.6-2.4 2.4-3.6 0.9-4.3-0.9-4.3-2.4-3.6-3.6-2.4-4.3-0.9-4.3 0.9-3.6 2.4-2.4 3.6-0.9 4.3q0 3.6 2.1 6.6l-1.4 4.2 4.3-1.4q2.8 1.9 6.2 1.9zM14 2.2q2.7 0 5.2 1.1t4.3 2.9 2.9 4.3 1.1 5.2-1.1 5.2-2.9 4.3-4.3 2.9-5.2 1.1q-3.5 0-6.5-1.7l-7.4 2.4 2.4-7.2q-1.9-3.2-1.9-6.9 0-2.7 1.1-5.2t2.9-4.3 4.3-2.9 5.2-1.1z\"\/><\/svg><\/span><span class=\"shariff-text\">teilen<\/span>&nbsp;<\/a><\/li><li class=\"shariff-button threema shariff-nocustomcolor shariff-mobile\" style=\"background-color:#4fbc24\"><a href=\"threema:\/\/compose?text=Konkretisieren%20des%20Kohleausstiegs%3A%20Im%20Sp%C3%A4therbst%20Gesetzesentw%C3%BCrfe%20zum%20Steinkohle-%20und%20zum%20Braunkohleausstieg%20http%3A%2F%2Fwww.vernunftkraft-hessen.de%2Fwordpress%2F2019%2F03%2F14%2Fkonkretisieren-des-kohleausstiegs-im-spaetherbst-gesetzesentwuerfe-zum-steinkohle-und-zum-braunkohleausstieg%2F\" title=\"Bei Threema teilen\" aria-label=\"Bei Threema teilen\" role=\"button\" rel=\"noopener nofollow\" class=\"shariff-link\" style=\"; background-color:#1f1f1f; color:#fff\" target=\"_blank\"><span class=\"shariff-icon\" style=\"\"><svg width=\"32px\" height=\"20px\" xmlns=\"http:\/\/www.w3.org\/2000\/svg\" viewBox=\"0 0 32 32\"><path fill=\"#1f1f1f\" d=\"M30.8 10.9c-0.3-1.4-0.9-2.6-1.8-3.8-2-2.6-5.5-4.5-9.4-5.2-1.3-0.2-1.9-0.3-3.5-0.3s-2.2 0-3.5 0.3c-4 0.7-7.4 2.6-9.4 5.2-0.9 1.2-1.5 2.4-1.8 3.8-0.1 0.5-0.2 1.2-0.2 1.6 0 0.4 0.1 1.1 0.2 1.6 0.4 1.9 1.3 3.4 2.9 5 0.8 0.8 0.8 0.8 0.7 1.3 0 0.6-0.5 1.6-1.7 3.6-0.3 0.5-0.5 0.9-0.5 0.9 0 0.1 0.1 0.1 0.5 0 0.8-0.2 2.3-0.6 5.6-1.6 1.1-0.3 1.3-0.4 2.3-0.4 0.8 0 1.1 0 2.3 0.2 1.5 0.2 3.5 0.2 4.9 0 5.1-0.6 9.3-2.9 11.4-6.3 0.5-0.9 0.9-1.8 1.1-2.8 0.1-0.5 0.2-1.1 0.2-1.6 0-0.7-0.1-1.1-0.2-1.6-0.3-1.4 0.1 0.5 0 0zM20.6 17.3c0 0.4-0.4 0.8-0.8 0.8h-7.7c-0.4 0-0.8-0.4-0.8-0.8v-4.6c0-0.4 0.4-0.8 0.8-0.8h0.2l0-1.6c0-0.9 0-1.8 0.1-2 0.1-0.6 0.6-1.2 1.1-1.7s1.1-0.7 1.9-0.8c1.8-0.3 3.7 0.7 4.2 2.2 0.1 0.3 0.1 0.7 0.1 2.1v0 1.7h0.1c0.4 0 0.8 0.4 0.8 0.8v4.6zM15.6 7.3c-0.5 0.1-0.8 0.3-1.2 0.6s-0.6 0.8-0.7 1.3c0 0.2 0 0.8 0 1.5l0 1.2h4.6v-1.3c0-1 0-1.4-0.1-1.6-0.3-1.1-1.5-1.9-2.6-1.7zM25.8 28.2c0 1.2-1 2.2-2.1 2.2s-2.1-1-2.1-2.1c0-1.2 1-2.1 2.2-2.1s2.2 1 2.2 2.2zM18.1 28.2c0 1.2-1 2.2-2.1 2.2s-2.1-1-2.1-2.1c0-1.2 1-2.1 2.2-2.1s2.2 1 2.2 2.2zM10.4 28.2c0 1.2-1 2.2-2.1 2.2s-2.1-1-2.1-2.1c0-1.2 1-2.1 2.2-2.1s2.2 1 2.2 2.2z\"\/><\/svg><\/span><span class=\"shariff-text\">teilen<\/span>&nbsp;<\/a><\/li><\/ul><\/div>","protected":false},"author":26,"featured_media":0,"comment_status":"closed","ping_status":"closed","sticky":false,"template":"","format":"standard","meta":{"footnotes":""},"categories":[222],"tags":[175,17,388,293,29,6],"class_list":["post-15526","post","type-post","status-publish","format-standard","hentry","category-energiepolitik","tag-energiepolitik","tag-energiewende","tag-kohle-kommission","tag-kohleausstieg","tag-parteien","tag-politik"],"_links":{"self":[{"href":"http:\/\/www.vernunftkraft-hessen.de\/wordpress\/wp-json\/wp\/v2\/posts\/15526","targetHints":{"allow":["GET"]}}],"collection":[{"href":"http:\/\/www.vernunftkraft-hessen.de\/wordpress\/wp-json\/wp\/v2\/posts"}],"about":[{"href":"http:\/\/www.vernunftkraft-hessen.de\/wordpress\/wp-json\/wp\/v2\/types\/post"}],"author":[{"embeddable":true,"href":"http:\/\/www.vernunftkraft-hessen.de\/wordpress\/wp-json\/wp\/v2\/users\/26"}],"replies":[{"embeddable":true,"href":"http:\/\/www.vernunftkraft-hessen.de\/wordpress\/wp-json\/wp\/v2\/comments?post=15526"}],"version-history":[{"count":3,"href":"http:\/\/www.vernunftkraft-hessen.de\/wordpress\/wp-json\/wp\/v2\/posts\/15526\/revisions"}],"predecessor-version":[{"id":15529,"href":"http:\/\/www.vernunftkraft-hessen.de\/wordpress\/wp-json\/wp\/v2\/posts\/15526\/revisions\/15529"}],"wp:attachment":[{"href":"http:\/\/www.vernunftkraft-hessen.de\/wordpress\/wp-json\/wp\/v2\/media?parent=15526"}],"wp:term":[{"taxonomy":"category","embeddable":true,"href":"http:\/\/www.vernunftkraft-hessen.de\/wordpress\/wp-json\/wp\/v2\/categories?post=15526"},{"taxonomy":"post_tag","embeddable":true,"href":"http:\/\/www.vernunftkraft-hessen.de\/wordpress\/wp-json\/wp\/v2\/tags?post=15526"}],"curies":[{"name":"wp","href":"https:\/\/api.w.org\/{rel}","templated":true}]}}