{"id":18571,"date":"2019-10-19T00:10:06","date_gmt":"2019-10-18T22:10:06","guid":{"rendered":"http:\/\/www.vernunftkraft-hessen.de\/wordpress\/?p=18571"},"modified":"2019-10-19T00:10:06","modified_gmt":"2019-10-18T22:10:06","slug":"energiewende-a-la-francaise","status":"publish","type":"post","link":"http:\/\/www.vernunftkraft-hessen.de\/wordpress\/2019\/10\/19\/energiewende-a-la-francaise\/","title":{"rendered":"Energiewende \u00e0 la Fran\u00e7aise?"},"content":{"rendered":"<p><strong><img loading=\"lazy\" decoding=\"async\" class=\"alignleft\" title=\"\" src=\"https:\/\/www.achgut.com\/images\/archiv\/_728w\/nuclear-power-plant-3987966_1920-001.jpg\" alt=\"\" width=\"211\" height=\"118\" \/><\/strong> <strong>Die franz\u00f6sische Regierung arbeitet still und leise daran, sechs neue Europ\u00e4ische\u00a0 Druckwasserreaktoren (EPR) zu bauen.<\/strong><\/p>\n<p>In einem Schreiben an den Vorstand des franz\u00f6sischen staatlichen Energieversorgers EdF gibt die franz\u00f6sische Regierung einen Fahrplan vor, der zum Bau von sechs EPR-Reaktoren in den n\u00e4chsten f\u00fcnfzehn Jahren f\u00fchren k\u00f6nnte.<\/p>\n<p><a href=\"https:\/\/www.achgut.com\/artikel\/energiewende_a_la_francaise\" target=\"_blank\" rel=\"noopener noreferrer\">Weiterlesen bei achgut.com<\/a><\/p>\n","protected":false},"excerpt":{"rendered":"<p>Die franz\u00f6sische Regierung arbeitet still und leise daran, sechs neue Europ\u00e4ische\u00a0 Druckwasserreaktoren (EPR) zu bauen. In einem Schreiben an den Vorstand des franz\u00f6sischen staatlichen Energieversorgers EdF gibt die franz\u00f6sische Regierung einen Fahrplan vor, der zum Bau von sechs EPR-Reaktoren in den n\u00e4chsten f\u00fcnfzehn Jahren f\u00fchren k\u00f6nnte. Weiterlesen bei achgut.com<\/p>\n","protected":false},"author":26,"featured_media":0,"comment_status":"closed","ping_status":"closed","sticky":false,"template":"","format":"standard","meta":{"footnotes":""},"categories":[222],"tags":[177,175,275,78,49],"class_list":["post-18571","post","type-post","status-publish","format-standard","hentry","category-energiepolitik","tag-ausland","tag-energiepolitik","tag-kernenergie","tag-regionalplanung","tag-zubau"],"_links":{"self":[{"href":"http:\/\/www.vernunftkraft-hessen.de\/wordpress\/wp-json\/wp\/v2\/posts\/18571","targetHints":{"allow":["GET"]}}],"collection":[{"href":"http:\/\/www.vernunftkraft-hessen.de\/wordpress\/wp-json\/wp\/v2\/posts"}],"about":[{"href":"http:\/\/www.vernunftkraft-hessen.de\/wordpress\/wp-json\/wp\/v2\/types\/post"}],"author":[{"embeddable":true,"href":"http:\/\/www.vernunftkraft-hessen.de\/wordpress\/wp-json\/wp\/v2\/users\/26"}],"replies":[{"embeddable":true,"href":"http:\/\/www.vernunftkraft-hessen.de\/wordpress\/wp-json\/wp\/v2\/comments?post=18571"}],"version-history":[{"count":1,"href":"http:\/\/www.vernunftkraft-hessen.de\/wordpress\/wp-json\/wp\/v2\/posts\/18571\/revisions"}],"predecessor-version":[{"id":18572,"href":"http:\/\/www.vernunftkraft-hessen.de\/wordpress\/wp-json\/wp\/v2\/posts\/18571\/revisions\/18572"}],"wp:attachment":[{"href":"http:\/\/www.vernunftkraft-hessen.de\/wordpress\/wp-json\/wp\/v2\/media?parent=18571"}],"wp:term":[{"taxonomy":"category","embeddable":true,"href":"http:\/\/www.vernunftkraft-hessen.de\/wordpress\/wp-json\/wp\/v2\/categories?post=18571"},{"taxonomy":"post_tag","embeddable":true,"href":"http:\/\/www.vernunftkraft-hessen.de\/wordpress\/wp-json\/wp\/v2\/tags?post=18571"}],"curies":[{"name":"wp","href":"https:\/\/api.w.org\/{rel}","templated":true}]}}