{"id":18623,"date":"2019-10-21T21:04:45","date_gmt":"2019-10-21T19:04:45","guid":{"rendered":"http:\/\/www.vernunftkraft-hessen.de\/wordpress\/?p=18623"},"modified":"2019-10-21T21:07:19","modified_gmt":"2019-10-21T19:07:19","slug":"alsfeld-genehmigung-fuer-neue-windraeder","status":"publish","type":"post","link":"http:\/\/www.vernunftkraft-hessen.de\/wordpress\/2019\/10\/21\/alsfeld-genehmigung-fuer-neue-windraeder\/","title":{"rendered":"Alsfeld: Genehmigung f\u00fcr neue Windkraftanlagen"},"content":{"rendered":"<blockquote><p>Alsfelder Stadtverordnete erteilen gemeindliches Einvernehmen f\u00fcr drei weitere Anlagen am Homberg.<\/p><\/blockquote>\n<p>Weiterlesen: <em><a href=\"https:\/\/www.oberhessische-zeitung.de\/lokales\/alsfeld\/genehmigung-fur-neue-windrader_20539508?fbclid=IwAR1CEPktxQRJxa_YEpQj_epTIWrmH1PahFA4CH-Yih9Hdi3AYrZFaV8eD3k\" target=\"_blank\" rel=\"noopener noreferrer\">Genehmigung f\u00fcr neue Windr\u00e4der | Oberhessische Zeitung<\/a><\/em><\/p>\n","protected":false},"excerpt":{"rendered":"<p>Alsfelder Stadtverordnete erteilen gemeindliches Einvernehmen f\u00fcr drei weitere Anlagen am Homberg. Weiterlesen: Genehmigung f\u00fcr neue Windr\u00e4der | Oberhessische Zeitung<\/p>\n","protected":false},"author":26,"featured_media":0,"comment_status":"closed","ping_status":"closed","sticky":false,"template":"","format":"standard","meta":{"footnotes":""},"categories":[98],"tags":[38,49],"class_list":["post-18623","post","type-post","status-publish","format-standard","hentry","category-zubau","tag-kommune","tag-zubau"],"_links":{"self":[{"href":"http:\/\/www.vernunftkraft-hessen.de\/wordpress\/wp-json\/wp\/v2\/posts\/18623","targetHints":{"allow":["GET"]}}],"collection":[{"href":"http:\/\/www.vernunftkraft-hessen.de\/wordpress\/wp-json\/wp\/v2\/posts"}],"about":[{"href":"http:\/\/www.vernunftkraft-hessen.de\/wordpress\/wp-json\/wp\/v2\/types\/post"}],"author":[{"embeddable":true,"href":"http:\/\/www.vernunftkraft-hessen.de\/wordpress\/wp-json\/wp\/v2\/users\/26"}],"replies":[{"embeddable":true,"href":"http:\/\/www.vernunftkraft-hessen.de\/wordpress\/wp-json\/wp\/v2\/comments?post=18623"}],"version-history":[{"count":3,"href":"http:\/\/www.vernunftkraft-hessen.de\/wordpress\/wp-json\/wp\/v2\/posts\/18623\/revisions"}],"predecessor-version":[{"id":18626,"href":"http:\/\/www.vernunftkraft-hessen.de\/wordpress\/wp-json\/wp\/v2\/posts\/18623\/revisions\/18626"}],"wp:attachment":[{"href":"http:\/\/www.vernunftkraft-hessen.de\/wordpress\/wp-json\/wp\/v2\/media?parent=18623"}],"wp:term":[{"taxonomy":"category","embeddable":true,"href":"http:\/\/www.vernunftkraft-hessen.de\/wordpress\/wp-json\/wp\/v2\/categories?post=18623"},{"taxonomy":"post_tag","embeddable":true,"href":"http:\/\/www.vernunftkraft-hessen.de\/wordpress\/wp-json\/wp\/v2\/tags?post=18623"}],"curies":[{"name":"wp","href":"https:\/\/api.w.org\/{rel}","templated":true}]}}