{"id":19083,"date":"2019-11-20T02:34:01","date_gmt":"2019-11-20T01:34:01","guid":{"rendered":"http:\/\/www.vernunftkraft-hessen.de\/wordpress\/?p=19083"},"modified":"2019-11-20T03:42:56","modified_gmt":"2019-11-20T02:42:56","slug":"der-kampf-der-gruenen-nun-gegen-einfamilienhaeuser-te","status":"publish","type":"post","link":"http:\/\/www.vernunftkraft-hessen.de\/wordpress\/2019\/11\/20\/der-kampf-der-gruenen-nun-gegen-einfamilienhaeuser-te\/","title":{"rendered":"Der Kampf der Gr\u00fcnen, nun gegen Einfamilienh\u00e4user | TE"},"content":{"rendered":"<p><img loading=\"lazy\" decoding=\"async\" class=\"alignleft\" src=\"https:\/\/www.tichyseinblick.de\/wp-content\/uploads\/2019\/11\/GettyImages-1182786236.jpg\" alt=\"\" width=\"198\" height=\"128\" \/><strong>Wohnen sollen die Leute doch gef\u00e4lligst in urbaner K\u00e4fighaltung. Dann brauchen sie keine Autos mehr. Und die Erl\u00f6sung f\u00fcr Windr\u00e4der ohne Raum naht.<\/strong><\/p>\n<p style=\"text-align: left;\"><span style=\"font-size: 8pt;\">\u00a0<\/span><\/p>\n<p>Weiterlesen: <em><a href=\"https:\/\/www.tichyseinblick.de\/daili-es-sentials\/der-kampf-der-gruenen-gegen-einfamilienhaeuser\/?fbclid=IwAR31ASZ7tG7ffdb0SiXAAnigCsN7ds7ejqMJoNdp5Z0mZCvxFZKTgXkUaMA\" target=\"_blank\" rel=\"noopener noreferrer\">Der Kampf der Gr\u00fcnen, nun gegen Einfamilienh\u00e4user-Tichys Einblick<\/a><\/em><\/p>\n<p><span style=\"font-size: 8pt;\">Bild-Quelle: INA FASSBENDER\/AFP via Getty Images<\/span><\/p>\n","protected":false},"excerpt":{"rendered":"<p>Wohnen sollen die Leute doch gef\u00e4lligst in urbaner K\u00e4fighaltung. Dann brauchen sie keine Autos mehr. Und die Erl\u00f6sung f\u00fcr Windr\u00e4der ohne Raum naht. \u00a0 Weiterlesen: Der Kampf der Gr\u00fcnen, nun gegen Einfamilienh\u00e4user-Tichys Einblick Bild-Quelle: INA FASSBENDER\/AFP via Getty Images<\/p>\n","protected":false},"author":26,"featured_media":0,"comment_status":"closed","ping_status":"closed","sticky":false,"template":"","format":"standard","meta":{"footnotes":""},"categories":[222],"tags":[175,17,29,6],"class_list":["post-19083","post","type-post","status-publish","format-standard","hentry","category-energiepolitik","tag-energiepolitik","tag-energiewende","tag-parteien","tag-politik"],"_links":{"self":[{"href":"http:\/\/www.vernunftkraft-hessen.de\/wordpress\/wp-json\/wp\/v2\/posts\/19083","targetHints":{"allow":["GET"]}}],"collection":[{"href":"http:\/\/www.vernunftkraft-hessen.de\/wordpress\/wp-json\/wp\/v2\/posts"}],"about":[{"href":"http:\/\/www.vernunftkraft-hessen.de\/wordpress\/wp-json\/wp\/v2\/types\/post"}],"author":[{"embeddable":true,"href":"http:\/\/www.vernunftkraft-hessen.de\/wordpress\/wp-json\/wp\/v2\/users\/26"}],"replies":[{"embeddable":true,"href":"http:\/\/www.vernunftkraft-hessen.de\/wordpress\/wp-json\/wp\/v2\/comments?post=19083"}],"version-history":[{"count":5,"href":"http:\/\/www.vernunftkraft-hessen.de\/wordpress\/wp-json\/wp\/v2\/posts\/19083\/revisions"}],"predecessor-version":[{"id":19089,"href":"http:\/\/www.vernunftkraft-hessen.de\/wordpress\/wp-json\/wp\/v2\/posts\/19083\/revisions\/19089"}],"wp:attachment":[{"href":"http:\/\/www.vernunftkraft-hessen.de\/wordpress\/wp-json\/wp\/v2\/media?parent=19083"}],"wp:term":[{"taxonomy":"category","embeddable":true,"href":"http:\/\/www.vernunftkraft-hessen.de\/wordpress\/wp-json\/wp\/v2\/categories?post=19083"},{"taxonomy":"post_tag","embeddable":true,"href":"http:\/\/www.vernunftkraft-hessen.de\/wordpress\/wp-json\/wp\/v2\/tags?post=19083"}],"curies":[{"name":"wp","href":"https:\/\/api.w.org\/{rel}","templated":true}]}}