{"id":19120,"date":"2019-11-22T21:45:41","date_gmt":"2019-11-22T20:45:41","guid":{"rendered":"http:\/\/www.vernunftkraft-hessen.de\/wordpress\/?p=19120"},"modified":"2019-11-22T21:54:49","modified_gmt":"2019-11-22T20:54:49","slug":"claudia-kemfert-macht-den-lastabwurf-die-achse-des-guten","status":"publish","type":"post","link":"http:\/\/www.vernunftkraft-hessen.de\/wordpress\/2019\/11\/22\/claudia-kemfert-macht-den-lastabwurf-die-achse-des-guten\/","title":{"rendered":"Claudia Kemfert macht den Lastabwurf \u2013 DIE ACHSE DES GUTEN"},"content":{"rendered":"<p>Von Roger Letsch<\/p>\n<blockquote><p><span style=\"font-size: 14pt;\"><strong>Das Kapital ist auch nicht mehr das, was es einmal war. Nicht nur das negativ verzinste auf der Bank, auch das gedruckte Journal, das sich \u201eCapital\u201c nennt und ausgerechnet Wanderpredigerinnen ungehemmter staatlicher Subventionsverschleuderung f\u00fcr die Energiewende wie Claudia Kemfert vom DIW einen <a href=\"https:\/\/www.capital.de\/wirtschaft-politik\/energiewende-mythen-reloaded\" target=\"_blank\" rel=\"noopener noreferrer\">langen Artikel schreiben l\u00e4sst<\/a>. <\/strong><\/span><\/p>\n<p><span style=\"font-size: 14pt;\"><strong>In diesem Artikel r\u00e4umt Kemfert mit \u201eMythen\u201c auf, die angeblich die wundersch\u00f6ne Energiewende kaputt machen wollen.<\/strong><\/span><\/p><\/blockquote>\n<p>Weiterlesen: <em><a href=\"https:\/\/www.achgut.com\/artikel\/claudia_kemfert_macht_den_lastabwurf\" target=\"_blank\" rel=\"noopener noreferrer\">Claudia Kemfert macht den Lastabwurf \u2013 ACHGUT.COM<\/a><\/em><\/p>\n<p><strong>Ein offener Brief von Prof. Dr. J\u00fcrgen Baur und Dipl.-Ing. Udo M\u00fcgge an die \u201eprofessorale Energie\u00f6konomin, Politikberaterin und \u201eExpertin\u201c f\u00fcr die Energiewende\u201c, Frau Claudia Kemfert<\/strong> ist bei <strong>Vernunftkraft Odenwald<\/strong> verlinkt. I<\/p>\n<p><strong>In diesem <a href=\"https:\/\/www.vernunftkraft-odenwald.de\/wp-content\/uploads\/2019\/11\/2019-11-19-Kemfert-EV.pdf\" target=\"_blank\" rel=\"noopener noreferrer\">Brief<\/a> wird unter anderem ihre in der Talkshow von Anne Will gezeigte v\u00f6llige Unkenntnis physikalischer Zusammenh\u00e4nge thematisiert.<\/strong><\/p>\n","protected":false},"excerpt":{"rendered":"<p>Von Roger Letsch Das Kapital ist auch nicht mehr das, was es einmal war. Nicht nur das negativ verzinste auf der Bank, auch das gedruckte Journal, das sich \u201eCapital\u201c nennt und ausgerechnet Wanderpredigerinnen ungehemmter staatlicher Subventionsverschleuderung f\u00fcr die Energiewende wie Claudia Kemfert vom DIW einen langen Artikel schreiben l\u00e4sst. In diesem Artikel r\u00e4umt Kemfert mit &hellip; <a href=\"http:\/\/www.vernunftkraft-hessen.de\/wordpress\/2019\/11\/22\/claudia-kemfert-macht-den-lastabwurf-die-achse-des-guten\/\" class=\"more-link\"><span class=\"screen-reader-text\">\u201eClaudia Kemfert macht den Lastabwurf \u2013 DIE ACHSE DES GUTEN\u201c<\/span> weiterlesen<\/a><\/p>\n","protected":false},"author":26,"featured_media":0,"comment_status":"closed","ping_status":"closed","sticky":false,"template":"","format":"standard","meta":{"footnotes":""},"categories":[1],"tags":[17,386,50],"class_list":["post-19120","post","type-post","status-publish","format-standard","hentry","category-allgemein","tag-energiewende","tag-lobbyisten","tag-subventionen"],"_links":{"self":[{"href":"http:\/\/www.vernunftkraft-hessen.de\/wordpress\/wp-json\/wp\/v2\/posts\/19120","targetHints":{"allow":["GET"]}}],"collection":[{"href":"http:\/\/www.vernunftkraft-hessen.de\/wordpress\/wp-json\/wp\/v2\/posts"}],"about":[{"href":"http:\/\/www.vernunftkraft-hessen.de\/wordpress\/wp-json\/wp\/v2\/types\/post"}],"author":[{"embeddable":true,"href":"http:\/\/www.vernunftkraft-hessen.de\/wordpress\/wp-json\/wp\/v2\/users\/26"}],"replies":[{"embeddable":true,"href":"http:\/\/www.vernunftkraft-hessen.de\/wordpress\/wp-json\/wp\/v2\/comments?post=19120"}],"version-history":[{"count":3,"href":"http:\/\/www.vernunftkraft-hessen.de\/wordpress\/wp-json\/wp\/v2\/posts\/19120\/revisions"}],"predecessor-version":[{"id":19123,"href":"http:\/\/www.vernunftkraft-hessen.de\/wordpress\/wp-json\/wp\/v2\/posts\/19120\/revisions\/19123"}],"wp:attachment":[{"href":"http:\/\/www.vernunftkraft-hessen.de\/wordpress\/wp-json\/wp\/v2\/media?parent=19120"}],"wp:term":[{"taxonomy":"category","embeddable":true,"href":"http:\/\/www.vernunftkraft-hessen.de\/wordpress\/wp-json\/wp\/v2\/categories?post=19120"},{"taxonomy":"post_tag","embeddable":true,"href":"http:\/\/www.vernunftkraft-hessen.de\/wordpress\/wp-json\/wp\/v2\/tags?post=19120"}],"curies":[{"name":"wp","href":"https:\/\/api.w.org\/{rel}","templated":true}]}}