{"id":19324,"date":"2019-12-05T04:25:04","date_gmt":"2019-12-05T03:25:04","guid":{"rendered":"http:\/\/www.vernunftkraft-hessen.de\/wordpress\/?p=19324"},"modified":"2019-12-05T04:26:23","modified_gmt":"2019-12-05T03:26:23","slug":"angst-vor-mega-blackout-innenministerium-will-thw-und-katastrophenschutz-aufruesten-epochtimes","status":"publish","type":"post","link":"http:\/\/www.vernunftkraft-hessen.de\/wordpress\/2019\/12\/05\/angst-vor-mega-blackout-innenministerium-will-thw-und-katastrophenschutz-aufruesten-epochtimes\/","title":{"rendered":"Angst vor Mega-Blackout: Innenministerium will THW und Katastrophenschutz aufr\u00fcsten | Epoch Times"},"content":{"rendered":"<blockquote><p>Das Bundesinnenministerium will dem THW 33,5 Millionen Euro f\u00fcr Notstromaggregate und dem Katastrophenschutzamt (BBK) 35,6 Millionen Euro f\u00fcr dessen Zivilschutzkonzept zur Verf\u00fcgung stellen. Hintergrund ist die steigende Gefahr fl\u00e4chendeckender Stromausf\u00e4lle.<\/p><\/blockquote>\n<p>Weiterlesen: <em><a href=\"https:\/\/www.epochtimes.de\/politik\/deutschland\/angst-vor-mega-blackout-innenministerium-will-thw-und-katastrophenschutz-aufruesten-a3085832.html\">Angst vor Mega-Blackout: Innenministerium will THW und Katastrophenschutz aufr\u00fcsten-Epoch Times<\/a><\/em><\/p>\n","protected":false},"excerpt":{"rendered":"<p>Das Bundesinnenministerium will dem THW 33,5 Millionen Euro f\u00fcr Notstromaggregate und dem Katastrophenschutzamt (BBK) 35,6 Millionen Euro f\u00fcr dessen Zivilschutzkonzept zur Verf\u00fcgung stellen. Hintergrund ist die steigende Gefahr fl\u00e4chendeckender Stromausf\u00e4lle. Weiterlesen: Angst vor Mega-Blackout: Innenministerium will THW und Katastrophenschutz aufr\u00fcsten-Epoch Times<\/p>\n","protected":false},"author":26,"featured_media":0,"comment_status":"closed","ping_status":"closed","sticky":false,"template":"","format":"standard","meta":{"footnotes":""},"categories":[119],"tags":[86,175,273,61,36,250],"class_list":["post-19324","post","type-post","status-publish","format-standard","hentry","category-netzsicherheit","tag-blackout","tag-energiepolitik","tag-stromausfall","tag-strommarkt","tag-stromversorgung","tag-versorgungssicherheit"],"_links":{"self":[{"href":"http:\/\/www.vernunftkraft-hessen.de\/wordpress\/wp-json\/wp\/v2\/posts\/19324","targetHints":{"allow":["GET"]}}],"collection":[{"href":"http:\/\/www.vernunftkraft-hessen.de\/wordpress\/wp-json\/wp\/v2\/posts"}],"about":[{"href":"http:\/\/www.vernunftkraft-hessen.de\/wordpress\/wp-json\/wp\/v2\/types\/post"}],"author":[{"embeddable":true,"href":"http:\/\/www.vernunftkraft-hessen.de\/wordpress\/wp-json\/wp\/v2\/users\/26"}],"replies":[{"embeddable":true,"href":"http:\/\/www.vernunftkraft-hessen.de\/wordpress\/wp-json\/wp\/v2\/comments?post=19324"}],"version-history":[{"count":3,"href":"http:\/\/www.vernunftkraft-hessen.de\/wordpress\/wp-json\/wp\/v2\/posts\/19324\/revisions"}],"predecessor-version":[{"id":19327,"href":"http:\/\/www.vernunftkraft-hessen.de\/wordpress\/wp-json\/wp\/v2\/posts\/19324\/revisions\/19327"}],"wp:attachment":[{"href":"http:\/\/www.vernunftkraft-hessen.de\/wordpress\/wp-json\/wp\/v2\/media?parent=19324"}],"wp:term":[{"taxonomy":"category","embeddable":true,"href":"http:\/\/www.vernunftkraft-hessen.de\/wordpress\/wp-json\/wp\/v2\/categories?post=19324"},{"taxonomy":"post_tag","embeddable":true,"href":"http:\/\/www.vernunftkraft-hessen.de\/wordpress\/wp-json\/wp\/v2\/tags?post=19324"}],"curies":[{"name":"wp","href":"https:\/\/api.w.org\/{rel}","templated":true}]}}