{"id":19521,"date":"2019-12-21T03:51:26","date_gmt":"2019-12-21T02:51:26","guid":{"rendered":"http:\/\/www.vernunftkraft-hessen.de\/wordpress\/?p=19521"},"modified":"2019-12-21T03:52:19","modified_gmt":"2019-12-21T02:52:19","slug":"windkraft-die-rotoren-von-heute-werden-der-sondermuell-von-morgen-te","status":"publish","type":"post","link":"http:\/\/www.vernunftkraft-hessen.de\/wordpress\/2019\/12\/21\/windkraft-die-rotoren-von-heute-werden-der-sondermuell-von-morgen-te\/","title":{"rendered":"Windkraft: Die Rotoren von heute werden der Sonderm\u00fcll von morgen |TE"},"content":{"rendered":"<blockquote><p>Die Windkraft birgt noch reichlich Potential f\u00fcr Entt\u00e4uschungen. Denn allm\u00e4hlich spricht sich herum, was nie ein Geheimnis war: Der Abbau der Anlagen, vor allem der Rotoren, wird zu einem gro\u00dfen Umweltproblem.<\/p><\/blockquote>\n<p>Weiterlesen: <em><a href=\"https:\/\/www.tichyseinblick.de\/kolumnen\/knauss-kontert\/windkraftanlagen-rotoren-als-sondermuell-der-zukunft\/\" target=\"_blank\" rel=\"noopener noreferrer\">Windkraft: Die Rotoren von heute werden der Sonderm\u00fcll von morgen| Tichys Einblick<\/a><\/em><\/p>\n","protected":false},"excerpt":{"rendered":"<p>Die Windkraft birgt noch reichlich Potential f\u00fcr Entt\u00e4uschungen. Denn allm\u00e4hlich spricht sich herum, was nie ein Geheimnis war: Der Abbau der Anlagen, vor allem der Rotoren, wird zu einem gro\u00dfen Umweltproblem. Weiterlesen: Windkraft: Die Rotoren von heute werden der Sonderm\u00fcll von morgen| Tichys Einblick<\/p>\n","protected":false},"author":26,"featured_media":0,"comment_status":"closed","ping_status":"closed","sticky":false,"template":"","format":"standard","meta":{"footnotes":""},"categories":[150],"tags":[96,95,84],"class_list":["post-19521","post","type-post","status-publish","format-standard","hentry","category-rueckbau","tag-rotorblaetter","tag-rueckbau","tag-umwelt"],"_links":{"self":[{"href":"http:\/\/www.vernunftkraft-hessen.de\/wordpress\/wp-json\/wp\/v2\/posts\/19521","targetHints":{"allow":["GET"]}}],"collection":[{"href":"http:\/\/www.vernunftkraft-hessen.de\/wordpress\/wp-json\/wp\/v2\/posts"}],"about":[{"href":"http:\/\/www.vernunftkraft-hessen.de\/wordpress\/wp-json\/wp\/v2\/types\/post"}],"author":[{"embeddable":true,"href":"http:\/\/www.vernunftkraft-hessen.de\/wordpress\/wp-json\/wp\/v2\/users\/26"}],"replies":[{"embeddable":true,"href":"http:\/\/www.vernunftkraft-hessen.de\/wordpress\/wp-json\/wp\/v2\/comments?post=19521"}],"version-history":[{"count":1,"href":"http:\/\/www.vernunftkraft-hessen.de\/wordpress\/wp-json\/wp\/v2\/posts\/19521\/revisions"}],"predecessor-version":[{"id":19522,"href":"http:\/\/www.vernunftkraft-hessen.de\/wordpress\/wp-json\/wp\/v2\/posts\/19521\/revisions\/19522"}],"wp:attachment":[{"href":"http:\/\/www.vernunftkraft-hessen.de\/wordpress\/wp-json\/wp\/v2\/media?parent=19521"}],"wp:term":[{"taxonomy":"category","embeddable":true,"href":"http:\/\/www.vernunftkraft-hessen.de\/wordpress\/wp-json\/wp\/v2\/categories?post=19521"},{"taxonomy":"post_tag","embeddable":true,"href":"http:\/\/www.vernunftkraft-hessen.de\/wordpress\/wp-json\/wp\/v2\/tags?post=19521"}],"curies":[{"name":"wp","href":"https:\/\/api.w.org\/{rel}","templated":true}]}}