{"id":19525,"date":"2019-12-21T04:04:31","date_gmt":"2019-12-21T03:04:31","guid":{"rendered":"http:\/\/www.vernunftkraft-hessen.de\/wordpress\/?p=19525"},"modified":"2019-12-21T04:06:35","modified_gmt":"2019-12-21T03:06:35","slug":"forscher-kritisiert-klima-panik-es-gibt-keinen-planetaren-notfall-focus-online","status":"publish","type":"post","link":"http:\/\/www.vernunftkraft-hessen.de\/wordpress\/2019\/12\/21\/forscher-kritisiert-klima-panik-es-gibt-keinen-planetaren-notfall-focus-online\/","title":{"rendered":"Forscher kritisiert Klima-Panik: \u201eEs gibt keinen planetaren Notfall\u201c &#8211; FOCUS Online"},"content":{"rendered":"<div><span style=\"font-size: 14pt;\"><strong>Nach Warnung vor baldigem Klima-Kollaps<\/strong><\/span><\/div>\n<blockquote><p>Ist das Risiko eines solchen \u201egepushten\u201c Klimawandels tats\u00e4chlich so gro\u00df, wie bef\u00fcrchtet wird? FOCUS Online sprach dar\u00fcber mit dem Klimaforscher Martin Clau\u00dfen, Direktor am Max-Planck-Institut f\u00fcr Meteorologie und Professor f\u00fcr Meteorologie an der Universit\u00e4t Hamburg.<\/p><\/blockquote>\n<p>Weiterlesen: <em><a href=\"https:\/\/www.focus.de\/wissen\/klima\/nach-warnung-vor-baldigem-klima-kollaps-forscher-kritisiert-klima-panik-wuerde-nicht-von-einem-planetaren-notfall-sprechen_id_11457108.html\" target=\"_blank\" rel=\"noopener noreferrer\">Forscher kritisiert Klima-Panik: \u201eEs gibt keinen planetaren Notfall\u201c &#8211; FOCUS Online<\/a><\/em><\/p>\n","protected":false},"excerpt":{"rendered":"<p>Nach Warnung vor baldigem Klima-Kollaps Ist das Risiko eines solchen \u201egepushten\u201c Klimawandels tats\u00e4chlich so gro\u00df, wie bef\u00fcrchtet wird? FOCUS Online sprach dar\u00fcber mit dem Klimaforscher Martin Clau\u00dfen, Direktor am Max-Planck-Institut f\u00fcr Meteorologie und Professor f\u00fcr Meteorologie an der Universit\u00e4t Hamburg. Weiterlesen: Forscher kritisiert Klima-Panik: \u201eEs gibt keinen planetaren Notfall\u201c &#8211; FOCUS Online<\/p>\n","protected":false},"author":26,"featured_media":0,"comment_status":"closed","ping_status":"closed","sticky":false,"template":"","format":"standard","meta":{"footnotes":""},"categories":[183],"tags":[310],"class_list":["post-19525","post","type-post","status-publish","format-standard","hentry","category-klima","tag-klimahysterie"],"_links":{"self":[{"href":"http:\/\/www.vernunftkraft-hessen.de\/wordpress\/wp-json\/wp\/v2\/posts\/19525","targetHints":{"allow":["GET"]}}],"collection":[{"href":"http:\/\/www.vernunftkraft-hessen.de\/wordpress\/wp-json\/wp\/v2\/posts"}],"about":[{"href":"http:\/\/www.vernunftkraft-hessen.de\/wordpress\/wp-json\/wp\/v2\/types\/post"}],"author":[{"embeddable":true,"href":"http:\/\/www.vernunftkraft-hessen.de\/wordpress\/wp-json\/wp\/v2\/users\/26"}],"replies":[{"embeddable":true,"href":"http:\/\/www.vernunftkraft-hessen.de\/wordpress\/wp-json\/wp\/v2\/comments?post=19525"}],"version-history":[{"count":3,"href":"http:\/\/www.vernunftkraft-hessen.de\/wordpress\/wp-json\/wp\/v2\/posts\/19525\/revisions"}],"predecessor-version":[{"id":19528,"href":"http:\/\/www.vernunftkraft-hessen.de\/wordpress\/wp-json\/wp\/v2\/posts\/19525\/revisions\/19528"}],"wp:attachment":[{"href":"http:\/\/www.vernunftkraft-hessen.de\/wordpress\/wp-json\/wp\/v2\/media?parent=19525"}],"wp:term":[{"taxonomy":"category","embeddable":true,"href":"http:\/\/www.vernunftkraft-hessen.de\/wordpress\/wp-json\/wp\/v2\/categories?post=19525"},{"taxonomy":"post_tag","embeddable":true,"href":"http:\/\/www.vernunftkraft-hessen.de\/wordpress\/wp-json\/wp\/v2\/tags?post=19525"}],"curies":[{"name":"wp","href":"https:\/\/api.w.org\/{rel}","templated":true}]}}