{"id":19658,"date":"2020-01-04T02:14:55","date_gmt":"2020-01-04T01:14:55","guid":{"rendered":"http:\/\/www.vernunftkraft-hessen.de\/wordpress\/?p=19658"},"modified":"2020-01-04T02:18:29","modified_gmt":"2020-01-04T01:18:29","slug":"strompreis-2019-wurde-haeufiger-strom-verschenkt-als-je-zuvor-handelsblatt","status":"publish","type":"post","link":"http:\/\/www.vernunftkraft-hessen.de\/wordpress\/2020\/01\/04\/strompreis-2019-wurde-haeufiger-strom-verschenkt-als-je-zuvor-handelsblatt\/","title":{"rendered":"Strompreis: 2019 wurde h\u00e4ufiger Strom verschenkt als je zuvor | Handelsblatt"},"content":{"rendered":"<blockquote><p>In Deutschland wird immer wieder \u00fcbersch\u00fcssiger Strom im Gro\u00dfhandel verramscht. Die Abnehmer erhalten sogar Geld obendrauf. Dabei markiert das Jahr 2019 einen Rekord.<\/p><\/blockquote>\n<p>Weiterlesen: <em><a href=\"https:\/\/www.handelsblatt.com\/unternehmen\/energie\/negativer-strompreis-die-energie-industrie-muss-strom-immer-haeufiger-verschenken\/25382850.html?fbclid=IwAR22dVbS2J_LJLMZV8_JCj0T3cd5icXqmvpaYWBBu3T1pKB6lBoQuoXXlWA&amp;ticket=ST-43882582-MjNQsrZ410UlHc2Tets7-ap2\" target=\"_blank\" rel=\"noopener noreferrer\">Strompreis: 2019 wurde h\u00e4ufiger Strom verschenkt als je zuvor | Handelsblatt<\/a><\/em><\/p>\n<p><strong>Die monatlichen Salden aus der Differenz des B\u00f6rsenwertes von Wind- und Solarstrom und den nach EEG gezahlten Einspeiseverg\u00fctungen finden Sie in den <a href=\"https:\/\/www.vernunftkraft-odenwald.de\/zahlen-der-stromboerse-leipzig\/\" target=\"_blank\" rel=\"noopener noreferrer\">Darstellungen und Recherchen<\/a> von Rolf Schuster, Vernunftkraft Landesverband Hessen e.V..<\/strong><\/p>\n","protected":false},"excerpt":{"rendered":"<p>In Deutschland wird immer wieder \u00fcbersch\u00fcssiger Strom im Gro\u00dfhandel verramscht. Die Abnehmer erhalten sogar Geld obendrauf. Dabei markiert das Jahr 2019 einen Rekord. Weiterlesen: Strompreis: 2019 wurde h\u00e4ufiger Strom verschenkt als je zuvor | Handelsblatt Die monatlichen Salden aus der Differenz des B\u00f6rsenwertes von Wind- und Solarstrom und den nach EEG gezahlten Einspeiseverg\u00fctungen finden Sie &hellip; <a href=\"http:\/\/www.vernunftkraft-hessen.de\/wordpress\/2020\/01\/04\/strompreis-2019-wurde-haeufiger-strom-verschenkt-als-je-zuvor-handelsblatt\/\" class=\"more-link\"><span class=\"screen-reader-text\">\u201eStrompreis: 2019 wurde h\u00e4ufiger Strom verschenkt als je zuvor | Handelsblatt\u201c<\/span> weiterlesen<\/a><\/p>\n","protected":false},"author":26,"featured_media":0,"comment_status":"closed","ping_status":"closed","sticky":false,"template":"","format":"standard","meta":{"footnotes":""},"categories":[222],"tags":[12,175,17,61,28,250],"class_list":["post-19658","post","type-post","status-publish","format-standard","hentry","category-energiepolitik","tag-eeg","tag-energiepolitik","tag-energiewende","tag-strommarkt","tag-strompreis","tag-versorgungssicherheit"],"_links":{"self":[{"href":"http:\/\/www.vernunftkraft-hessen.de\/wordpress\/wp-json\/wp\/v2\/posts\/19658","targetHints":{"allow":["GET"]}}],"collection":[{"href":"http:\/\/www.vernunftkraft-hessen.de\/wordpress\/wp-json\/wp\/v2\/posts"}],"about":[{"href":"http:\/\/www.vernunftkraft-hessen.de\/wordpress\/wp-json\/wp\/v2\/types\/post"}],"author":[{"embeddable":true,"href":"http:\/\/www.vernunftkraft-hessen.de\/wordpress\/wp-json\/wp\/v2\/users\/26"}],"replies":[{"embeddable":true,"href":"http:\/\/www.vernunftkraft-hessen.de\/wordpress\/wp-json\/wp\/v2\/comments?post=19658"}],"version-history":[{"count":3,"href":"http:\/\/www.vernunftkraft-hessen.de\/wordpress\/wp-json\/wp\/v2\/posts\/19658\/revisions"}],"predecessor-version":[{"id":19661,"href":"http:\/\/www.vernunftkraft-hessen.de\/wordpress\/wp-json\/wp\/v2\/posts\/19658\/revisions\/19661"}],"wp:attachment":[{"href":"http:\/\/www.vernunftkraft-hessen.de\/wordpress\/wp-json\/wp\/v2\/media?parent=19658"}],"wp:term":[{"taxonomy":"category","embeddable":true,"href":"http:\/\/www.vernunftkraft-hessen.de\/wordpress\/wp-json\/wp\/v2\/categories?post=19658"},{"taxonomy":"post_tag","embeddable":true,"href":"http:\/\/www.vernunftkraft-hessen.de\/wordpress\/wp-json\/wp\/v2\/tags?post=19658"}],"curies":[{"name":"wp","href":"https:\/\/api.w.org\/{rel}","templated":true}]}}