{"id":21187,"date":"2020-05-18T23:00:54","date_gmt":"2020-05-18T21:00:54","guid":{"rendered":"http:\/\/www.vernunftkraft-hessen.de\/wordpress\/?p=21187"},"modified":"2020-12-13T10:49:34","modified_gmt":"2020-12-13T09:49:34","slug":"havarierte-windraeder-wie-tickende-zeitbomben-faz","status":"publish","type":"post","link":"http:\/\/www.vernunftkraft-hessen.de\/wordpress\/2020\/05\/18\/havarierte-windraeder-wie-tickende-zeitbomben-faz\/","title":{"rendered":"Havarierte Windr\u00e4der: Wie tickende Zeitbomben | FAZ"},"content":{"rendered":"<div>\n<p>Von Michael Ashelm<\/p>\n<p><strong>Abgeknickte Rotorbl\u00e4tter, herabst\u00fcrzende Tr\u00fcmmerteile: Um die Gefahren havarierender Windr\u00e4der wird heftig gestritten. Betroffene Hersteller h\u00fcllen sich in Schweigen. Der T\u00fcv fordert Konsequenzen.<\/strong><\/p>\n<\/div>\n<div>Den vollst\u00e4ndigen Artikel k\u00f6nnen Sie <a href=\"https:\/\/www.faz.net\/aktuell\/wirtschaft\/klima-energie-und-umwelt\/wie-gefaehrlich-sind-havarierte-windraeder-tuev-fordert-pruefung-16774148.html?fbclid=IwAR0hqVjQNc6QYWwt6vDhWygIRmKl-36j981EVLw4Vn3yPqb0uuAKoliSw6Q\" target=\"_blank\" rel=\"noopener noreferrer\">hier erwerben<\/a>.<\/div>\n","protected":false},"excerpt":{"rendered":"<p>Von Michael Ashelm Abgeknickte Rotorbl\u00e4tter, herabst\u00fcrzende Tr\u00fcmmerteile: Um die Gefahren havarierender Windr\u00e4der wird heftig gestritten. Betroffene Hersteller h\u00fcllen sich in Schweigen. Der T\u00fcv fordert Konsequenzen. Den vollst\u00e4ndigen Artikel k\u00f6nnen Sie hier erwerben.<\/p>\n","protected":false},"author":26,"featured_media":0,"comment_status":"closed","ping_status":"closed","sticky":false,"template":"","format":"standard","meta":{"footnotes":""},"categories":[156],"tags":[113,184,315,69],"class_list":["post-21187","post","type-post","status-publish","format-standard","hentry","category-unfaelle","tag-brand","tag-havarien","tag-tuev","tag-unfaelle"],"_links":{"self":[{"href":"http:\/\/www.vernunftkraft-hessen.de\/wordpress\/wp-json\/wp\/v2\/posts\/21187","targetHints":{"allow":["GET"]}}],"collection":[{"href":"http:\/\/www.vernunftkraft-hessen.de\/wordpress\/wp-json\/wp\/v2\/posts"}],"about":[{"href":"http:\/\/www.vernunftkraft-hessen.de\/wordpress\/wp-json\/wp\/v2\/types\/post"}],"author":[{"embeddable":true,"href":"http:\/\/www.vernunftkraft-hessen.de\/wordpress\/wp-json\/wp\/v2\/users\/26"}],"replies":[{"embeddable":true,"href":"http:\/\/www.vernunftkraft-hessen.de\/wordpress\/wp-json\/wp\/v2\/comments?post=21187"}],"version-history":[{"count":3,"href":"http:\/\/www.vernunftkraft-hessen.de\/wordpress\/wp-json\/wp\/v2\/posts\/21187\/revisions"}],"predecessor-version":[{"id":23195,"href":"http:\/\/www.vernunftkraft-hessen.de\/wordpress\/wp-json\/wp\/v2\/posts\/21187\/revisions\/23195"}],"wp:attachment":[{"href":"http:\/\/www.vernunftkraft-hessen.de\/wordpress\/wp-json\/wp\/v2\/media?parent=21187"}],"wp:term":[{"taxonomy":"category","embeddable":true,"href":"http:\/\/www.vernunftkraft-hessen.de\/wordpress\/wp-json\/wp\/v2\/categories?post=21187"},{"taxonomy":"post_tag","embeddable":true,"href":"http:\/\/www.vernunftkraft-hessen.de\/wordpress\/wp-json\/wp\/v2\/tags?post=21187"}],"curies":[{"name":"wp","href":"https:\/\/api.w.org\/{rel}","templated":true}]}}