{"id":21242,"date":"2020-05-25T23:09:28","date_gmt":"2020-05-25T21:09:28","guid":{"rendered":"http:\/\/www.vernunftkraft-hessen.de\/wordpress\/?p=21242"},"modified":"2020-12-10T19:57:47","modified_gmt":"2020-12-10T18:57:47","slug":"die-5-phasen-des-windkraftausbaus-vom-gruenen-maentelchen-zum-grauen-stahlbetonmantel-des-planeten","status":"publish","type":"post","link":"http:\/\/www.vernunftkraft-hessen.de\/wordpress\/2020\/05\/25\/die-5-phasen-des-windkraftausbaus-vom-gruenen-maentelchen-zum-grauen-stahlbetonmantel-des-planeten\/","title":{"rendered":"Die 5 Phasen des Windkraftausbaus: Vom gr\u00fcnen M\u00e4ntelchen zum grauen Stahlbetonmantel des Planeten"},"content":{"rendered":"<p>Kolumne von Rotherbaron<\/p>\n<p><strong>Wer die Windstromindustrie n\u00e4her kennenlernen m\u00f6chte, sollte sich am besten mit ihrem Verh\u00e4ltnis zum Natur- und Artenschutz besch\u00e4ftigen. Dabei lassen sich f\u00fcnf Phasen voneinander unterscheiden.<\/strong><\/p>\n<p>&nbsp;<\/p>\n<p><a href=\"https:\/\/rotherbaron.com\/2020\/05\/24\/die-5-phasen-des-windkraftausbaus\/?fbclid=IwAR3WTT359Fl5TblKpCrfH_1lZ6fasPeJH6t8_4Xfwk73GX-HwLHt2qYnmYE#_Toc41152785\"><strong>Phase 1: Windkraftanlagen als Naturprodukte<\/strong><\/a><br \/>\n<strong><a href=\"https:\/\/rotherbaron.com\/2020\/05\/24\/die-5-phasen-des-windkraftausbaus\/?fbclid=IwAR3WTT359Fl5TblKpCrfH_1lZ6fasPeJH6t8_4Xfwk73GX-HwLHt2qYnmYE#_Toc41152786\">Phase 2: Flederm\u00e4use als Klima-M\u00e4rtyrer<\/a><\/strong><br \/>\n<strong><a href=\"https:\/\/rotherbaron.com\/2020\/05\/24\/die-5-phasen-des-windkraftausbaus\/?fbclid=IwAR3WTT359Fl5TblKpCrfH_1lZ6fasPeJH6t8_4Xfwk73GX-HwLHt2qYnmYE#_Toc41152787\">Phase 3: Windkraft geht vor Artenschutz<\/a><\/strong><br \/>\n<strong><a href=\"https:\/\/rotherbaron.com\/2020\/05\/24\/die-5-phasen-des-windkraftausbaus\/?fbclid=IwAR3WTT359Fl5TblKpCrfH_1lZ6fasPeJH6t8_4Xfwk73GX-HwLHt2qYnmYE#_Toc41152788\">Phase 4: Windkraft statt Artenschutz<\/a><\/strong><br \/>\n<strong><a href=\"https:\/\/rotherbaron.com\/2020\/05\/24\/die-5-phasen-des-windkraftausbaus\/?fbclid=IwAR3WTT359Fl5TblKpCrfH_1lZ6fasPeJH6t8_4Xfwk73GX-HwLHt2qYnmYE#_Toc41152789\">Phase 5: Too big to fail<\/a><\/strong><br \/>\n<strong><a href=\"https:\/\/rotherbaron.com\/2020\/05\/24\/die-5-phasen-des-windkraftausbaus\/?fbclid=IwAR3WTT359Fl5TblKpCrfH_1lZ6fasPeJH6t8_4Xfwk73GX-HwLHt2qYnmYE#_Toc41152790\">Das schleichende Gift der Windkraftpropaganda<\/a><\/strong><\/p>\n<p><a href=\"https:\/\/rotherbaron.com\/2020\/05\/24\/die-5-phasen-des-windkraftausbaus\/?fbclid=IwAR3WTT359Fl5TblKpCrfH_1lZ6fasPeJH6t8_4Xfwk73GX-HwLHt2qYnmYE\" target=\"_blank\" rel=\"noopener noreferrer\">Quelle<\/a><\/p>\n","protected":false},"excerpt":{"rendered":"<p>Kolumne von Rotherbaron Wer die Windstromindustrie n\u00e4her kennenlernen m\u00f6chte, sollte sich am besten mit ihrem Verh\u00e4ltnis zum Natur- und Artenschutz besch\u00e4ftigen. Dabei lassen sich f\u00fcnf Phasen voneinander unterscheiden. &nbsp; Phase 1: Windkraftanlagen als Naturprodukte Phase 2: Flederm\u00e4use als Klima-M\u00e4rtyrer Phase 3: Windkraft geht vor Artenschutz Phase 4: Windkraft statt Artenschutz Phase 5: Too big to &hellip; <a href=\"http:\/\/www.vernunftkraft-hessen.de\/wordpress\/2020\/05\/25\/die-5-phasen-des-windkraftausbaus-vom-gruenen-maentelchen-zum-grauen-stahlbetonmantel-des-planeten\/\" class=\"more-link\"><span class=\"screen-reader-text\">\u201eDie 5 Phasen des Windkraftausbaus: Vom gr\u00fcnen M\u00e4ntelchen zum grauen Stahlbetonmantel des Planeten\u201c<\/span> weiterlesen<\/a><\/p>\n","protected":false},"author":26,"featured_media":0,"comment_status":"closed","ping_status":"closed","sticky":false,"template":"","format":"standard","meta":{"footnotes":""},"categories":[72],"tags":[81,110,34,287,58],"class_list":["post-21242","post","type-post","status-publish","format-standard","hentry","category-natur","tag-artenschutz","tag-fledermaeuse","tag-natur","tag-tiere","tag-voegel"],"_links":{"self":[{"href":"http:\/\/www.vernunftkraft-hessen.de\/wordpress\/wp-json\/wp\/v2\/posts\/21242","targetHints":{"allow":["GET"]}}],"collection":[{"href":"http:\/\/www.vernunftkraft-hessen.de\/wordpress\/wp-json\/wp\/v2\/posts"}],"about":[{"href":"http:\/\/www.vernunftkraft-hessen.de\/wordpress\/wp-json\/wp\/v2\/types\/post"}],"author":[{"embeddable":true,"href":"http:\/\/www.vernunftkraft-hessen.de\/wordpress\/wp-json\/wp\/v2\/users\/26"}],"replies":[{"embeddable":true,"href":"http:\/\/www.vernunftkraft-hessen.de\/wordpress\/wp-json\/wp\/v2\/comments?post=21242"}],"version-history":[{"count":2,"href":"http:\/\/www.vernunftkraft-hessen.de\/wordpress\/wp-json\/wp\/v2\/posts\/21242\/revisions"}],"predecessor-version":[{"id":23098,"href":"http:\/\/www.vernunftkraft-hessen.de\/wordpress\/wp-json\/wp\/v2\/posts\/21242\/revisions\/23098"}],"wp:attachment":[{"href":"http:\/\/www.vernunftkraft-hessen.de\/wordpress\/wp-json\/wp\/v2\/media?parent=21242"}],"wp:term":[{"taxonomy":"category","embeddable":true,"href":"http:\/\/www.vernunftkraft-hessen.de\/wordpress\/wp-json\/wp\/v2\/categories?post=21242"},{"taxonomy":"post_tag","embeddable":true,"href":"http:\/\/www.vernunftkraft-hessen.de\/wordpress\/wp-json\/wp\/v2\/tags?post=21242"}],"curies":[{"name":"wp","href":"https:\/\/api.w.org\/{rel}","templated":true}]}}