{"id":21665,"date":"2020-07-03T04:02:41","date_gmt":"2020-07-03T02:02:41","guid":{"rendered":"http:\/\/www.vernunftkraft-hessen.de\/wordpress\/?p=21665"},"modified":"2020-12-11T20:36:54","modified_gmt":"2020-12-11T19:36:54","slug":"windraeder-duerfen-nachts-vorerst-weiter-blinken","status":"publish","type":"post","link":"http:\/\/www.vernunftkraft-hessen.de\/wordpress\/2020\/07\/03\/windraeder-duerfen-nachts-vorerst-weiter-blinken\/","title":{"rendered":"Windr\u00e4der d\u00fcrfen nachts vorerst weiter blinken"},"content":{"rendered":"<h5>Verordnung um ein Jahr verschoben<\/h5>\n<p><strong>Windenergieanlagen d\u00fcrfen nachts vorerst weiterblinken. Urspr\u00fcnglich sollten sie laut einem Beschluss im Bundesrat ab dem 1. Juli 2020 in der Nacht nur bei Bedarf blinken d\u00fcrfen, also etwa bei Flugverkehr.<\/strong><\/p>\n<p><a href=\"https:\/\/www.rbb24.de\/studiofrankfurt\/politik\/2020\/07\/windraeder-leuchten-lichter-frist-verlaengert.html?fbclid=IwAR1qtZPR4b69pXjXGLzYeE4iwz_buRnyI_6QzmIEBdpjgXbz8Wqj5Em8BGw\" target=\"_blank\" rel=\"noopener noreferrer\">Weiterlesen bei\u00a0 RBB24<\/a><\/p>\n<p>&nbsp;<\/p>\n","protected":false},"excerpt":{"rendered":"<p>Verordnung um ein Jahr verschoben Windenergieanlagen d\u00fcrfen nachts vorerst weiterblinken. Urspr\u00fcnglich sollten sie laut einem Beschluss im Bundesrat ab dem 1. Juli 2020 in der Nacht nur bei Bedarf blinken d\u00fcrfen, also etwa bei Flugverkehr. Weiterlesen bei\u00a0 RBB24 &nbsp;<\/p>\n","protected":false},"author":26,"featured_media":0,"comment_status":"closed","ping_status":"closed","sticky":false,"template":"","format":"standard","meta":{"footnotes":""},"categories":[1],"tags":[21,341,62],"class_list":["post-21665","post","type-post","status-publish","format-standard","hentry","category-allgemein","tag-gesundheit","tag-nachtbeleuchtung","tag-wka-hersteller"],"_links":{"self":[{"href":"http:\/\/www.vernunftkraft-hessen.de\/wordpress\/wp-json\/wp\/v2\/posts\/21665","targetHints":{"allow":["GET"]}}],"collection":[{"href":"http:\/\/www.vernunftkraft-hessen.de\/wordpress\/wp-json\/wp\/v2\/posts"}],"about":[{"href":"http:\/\/www.vernunftkraft-hessen.de\/wordpress\/wp-json\/wp\/v2\/types\/post"}],"author":[{"embeddable":true,"href":"http:\/\/www.vernunftkraft-hessen.de\/wordpress\/wp-json\/wp\/v2\/users\/26"}],"replies":[{"embeddable":true,"href":"http:\/\/www.vernunftkraft-hessen.de\/wordpress\/wp-json\/wp\/v2\/comments?post=21665"}],"version-history":[{"count":2,"href":"http:\/\/www.vernunftkraft-hessen.de\/wordpress\/wp-json\/wp\/v2\/posts\/21665\/revisions"}],"predecessor-version":[{"id":23158,"href":"http:\/\/www.vernunftkraft-hessen.de\/wordpress\/wp-json\/wp\/v2\/posts\/21665\/revisions\/23158"}],"wp:attachment":[{"href":"http:\/\/www.vernunftkraft-hessen.de\/wordpress\/wp-json\/wp\/v2\/media?parent=21665"}],"wp:term":[{"taxonomy":"category","embeddable":true,"href":"http:\/\/www.vernunftkraft-hessen.de\/wordpress\/wp-json\/wp\/v2\/categories?post=21665"},{"taxonomy":"post_tag","embeddable":true,"href":"http:\/\/www.vernunftkraft-hessen.de\/wordpress\/wp-json\/wp\/v2\/tags?post=21665"}],"curies":[{"name":"wp","href":"https:\/\/api.w.org\/{rel}","templated":true}]}}