{"id":21807,"date":"2020-07-21T21:26:43","date_gmt":"2020-07-21T19:26:43","guid":{"rendered":"http:\/\/www.vernunftkraft-hessen.de\/wordpress\/?p=21807"},"modified":"2020-07-21T21:29:02","modified_gmt":"2020-07-21T19:29:02","slug":"der-windpark-im-taunus-muss-zu-den-akten-faz","status":"publish","type":"post","link":"http:\/\/www.vernunftkraft-hessen.de\/wordpress\/2020\/07\/21\/der-windpark-im-taunus-muss-zu-den-akten-faz\/","title":{"rendered":"Der Windpark im Taunus muss zu den Akten | FAZ"},"content":{"rendered":"<blockquote><p>Die Landeshauptstadt Wiesbaden versucht alles, um den Windpark auf dem Taunuskamm doch noch zu erm\u00f6glichen. Allen voran die Gr\u00fcnen, obwohl der Kampf schon l\u00e4ngst verloren ist.<\/p><\/blockquote>\n<p>Weiterlesen: <em><a href=\"https:\/\/www.faz.net\/aktuell\/rhein-main\/region-und-hessen\/der-windpark-im-taunus-muss-zu-den-akten-16869433.html?fbclid=IwAR3MmCBcUN5L4r407r0XSqd8sdcvHsDqfAIXM6q8isVXveXvGpLRrV6z0Y0\" target=\"_blank\" rel=\"noopener noreferrer\">Der Windpark im Taunus muss zu den Akten | FAZ<\/a><\/em><\/p>\n","protected":false},"excerpt":{"rendered":"<p>Die Landeshauptstadt Wiesbaden versucht alles, um den Windpark auf dem Taunuskamm doch noch zu erm\u00f6glichen. Allen voran die Gr\u00fcnen, obwohl der Kampf schon l\u00e4ngst verloren ist. Weiterlesen: Der Windpark im Taunus muss zu den Akten | FAZ<\/p>\n","protected":false},"author":26,"featured_media":0,"comment_status":"closed","ping_status":"closed","sticky":false,"template":"","format":"standard","meta":{"footnotes":""},"categories":[165],"tags":[532,49],"class_list":["post-21807","post","type-post","status-publish","format-standard","hentry","category-trinkwasserschutz","tag-trinkwasserschutz","tag-zubau"],"_links":{"self":[{"href":"http:\/\/www.vernunftkraft-hessen.de\/wordpress\/wp-json\/wp\/v2\/posts\/21807","targetHints":{"allow":["GET"]}}],"collection":[{"href":"http:\/\/www.vernunftkraft-hessen.de\/wordpress\/wp-json\/wp\/v2\/posts"}],"about":[{"href":"http:\/\/www.vernunftkraft-hessen.de\/wordpress\/wp-json\/wp\/v2\/types\/post"}],"author":[{"embeddable":true,"href":"http:\/\/www.vernunftkraft-hessen.de\/wordpress\/wp-json\/wp\/v2\/users\/26"}],"replies":[{"embeddable":true,"href":"http:\/\/www.vernunftkraft-hessen.de\/wordpress\/wp-json\/wp\/v2\/comments?post=21807"}],"version-history":[{"count":1,"href":"http:\/\/www.vernunftkraft-hessen.de\/wordpress\/wp-json\/wp\/v2\/posts\/21807\/revisions"}],"predecessor-version":[{"id":21808,"href":"http:\/\/www.vernunftkraft-hessen.de\/wordpress\/wp-json\/wp\/v2\/posts\/21807\/revisions\/21808"}],"wp:attachment":[{"href":"http:\/\/www.vernunftkraft-hessen.de\/wordpress\/wp-json\/wp\/v2\/media?parent=21807"}],"wp:term":[{"taxonomy":"category","embeddable":true,"href":"http:\/\/www.vernunftkraft-hessen.de\/wordpress\/wp-json\/wp\/v2\/categories?post=21807"},{"taxonomy":"post_tag","embeddable":true,"href":"http:\/\/www.vernunftkraft-hessen.de\/wordpress\/wp-json\/wp\/v2\/tags?post=21807"}],"curies":[{"name":"wp","href":"https:\/\/api.w.org\/{rel}","templated":true}]}}