{"id":21819,"date":"2020-07-23T00:46:06","date_gmt":"2020-07-22T22:46:06","guid":{"rendered":"http:\/\/www.vernunftkraft-hessen.de\/wordpress\/?p=21819"},"modified":"2020-07-23T00:56:31","modified_gmt":"2020-07-22T22:56:31","slug":"vorsprung-online-vorsprung-online","status":"publish","type":"post","link":"http:\/\/www.vernunftkraft-hessen.de\/wordpress\/2020\/07\/23\/vorsprung-online-vorsprung-online\/","title":{"rendered":"MdB Bettina M\u00fcller bereits im Wahlkampfmodus | Vorsprung Online"},"content":{"rendered":"<blockquote><p>Die B\u00fcrgerinitiative &#8220;Windkraft im Spessart \u2013 In Einklang mit Mensch und Natur&#8221; h\u00e4lt den k\u00fcrzlich ver\u00f6ffentlichten Kommentar der SPD Bundestagsabgeordneten Bettina M\u00fcller zur Windkraftdebatte in Fl\u00f6rsbachtal (<a href=\"https:\/\/www.vorsprung-online.de\/mkk\/floersbachtal\/172160-wollen-wir-wirklich-mit-extremisten-zusammenarbeiten.html\" target=\"_blank\" rel=\"noopener noreferrer\">hier lesen<\/a>) f\u00fcr ein reines Wahlkampfritual in den anstehenden Kommunalwahlen.<\/p><\/blockquote>\n<p><!--more--><\/p>\n<section>\n<pre><strong>Pressemitteilung der BI \"Windkraft im Spessart - In Einklang mit Mensch und Natur<\/strong>:\r\n\r\n\"Anstatt sich endlich auch einmal f\u00fcr eine akzeptable L\u00f6sung f\u00fcr den Ausbau der Windkraft im Main-Kinzig Kreis einzusetzen, macht es sich Bettina M\u00fcller in ihrem Kommentar sehr einfach. Sie ersch\u00f6pft sich in den \u00fcblichen Politikerphrasen wie 'f\u00fcr ein mehr Miteinander zu werben' und der durchsichtigen Diskreditierung von politischen Gegnern. Die letzten Jahre haben leider auch schmerzlich gezeigt, dass die SPD nach einer Wahl immer wieder sofort in einen Windkraft Ruhemodus umschaltet. Was das 'f\u00fcr ein mehr Miteinander zu werben' betrifft, hat sich die SPD in den vergangenen Jahren nicht wirklich um eine Zusammenarbeit mit den Betroffenen im Main-Kinzig Kreis bem\u00fcht. Ein herausragendes negatives Beispiel dazu war die Aussage des heutigen Landrats Thorsten Stolz (SPD), der windkraftkritischen B\u00fcrgerinnen und B\u00fcrgern bereits zu Beginn der ganzen Diskussion erst einmal 'schizophrene Z\u00fcge' bescheinigte. Auch auf lokaler Ebene ist heute nichts von einem Wunsch nach Zusammenarbeit zu sp\u00fcren. Seitens unserer BI haben wir in den letzten Jahren immer wieder das Gespr\u00e4ch mit der SPD in Biebergem\u00fcnd gesucht, um gemeinsam in der verfahrenen Situation rund um den Regionalplan Windkraft f\u00fcr S\u00fcdhessen und den obsoleten Fl\u00e4chennutzungsplan Windkraft der Gemeinde eine L\u00f6sung zu suchen. Leider wurden aber unsere Gespr\u00e4chsangebote von der Biebergem\u00fcnder SPD stets abgeblockt. Die wohlklingende Mahnung von Bettina M\u00fcller \u201csich an einen Tisch zu setzen, sachlich Argumente auszutauschen und hoffentlich zu einer akzeptablen L\u00f6sung f\u00fcr alle zu kommen\u201c klingt f\u00fcr uns daher ziemlich zynisch\u201c, fasst BI Vorstand Berthold Andres die Situation in Biebergem\u00fcnd zusammen.\r\n\r\nMit Angriffen auf ihre politischen Gegner versuche M\u00fcller jetzt ganz offensichtlich, vor den Kommunalwahlen von den eigenen Vers\u00e4umnissen bei konkreten Sachthemen abzulenken. \"M\u00fcller bem\u00e4ngelt in ihrem Kommentar, dass im besagten Flyer keine L\u00f6sungsans\u00e4tze zu finden seien, macht aber selbst keinerlei Vorschl\u00e4ge, wie das Dilemma beim Ausbau der Windkraft im Main-Kinzig Kreis anzugehen ist. Bei einem Stand von fast 100 Windkraftanlagen im Kreis, das sind mehr als 45 Prozent aller in Betrieb befindlichen Anlagen in ganz S\u00fcdhessen, w\u00e4re es endlich an der Zeit, dass alle im Kreisparlament vertretenen Parteien eine gemeinsame Koalition bilden, die sich um einen gerechten Ausbau der Windkraft k\u00fcmmert. Das Thema dr\u00e4ngt, mit Stand Juli 2020 sind im Main-Kinzig Kreis bereits weitere 27 Windkraftanlagen genehmigt oder im Bau. Zudem enth\u00e4lt der erst k\u00fcrzlich genehmigte Regionalplan f\u00fcr Erneuerbare Energien neue Vorrangfl\u00e4chen f\u00fcr circa 400 zus\u00e4tzliche Windkraftanlagen. Diese meist noch unbebauten Vorrangfl\u00e4chen stellen f\u00fcr alle Windkraftprojektierer ein lohnendes Ziel dar. Falls die Lokalpolitik auch weiterhin die Betroffenheit der Nachbarn der vielen neuen Vorrangfl\u00e4chen im Main-Kinzig Kreis einfach ignoriert, wird das Konfliktpotential in den n\u00e4chsten Monaten massiv zunehmen\", hei\u00dft es in der Pressemitteilung der B\u00fcrgerinitiative.<\/pre>\n<\/section>\n<p>Quelle:\u00a0<em><a href=\"https:\/\/www.vorsprung-online.de\/index.php?option=com_content&amp;view=article&amp;id=172336:bettina-m%C3%BCller-bereits-im-wahlkampfmodus&amp;catid=179&amp;auid=54142\">M\u00fcller bereits im Wahlkampfmodus &#8211; Vorsprung Online<\/a><\/em><\/p>\n","protected":false},"excerpt":{"rendered":"<p>Die B\u00fcrgerinitiative &#8220;Windkraft im Spessart \u2013 In Einklang mit Mensch und Natur&#8221; h\u00e4lt den k\u00fcrzlich ver\u00f6ffentlichten Kommentar der SPD Bundestagsabgeordneten Bettina M\u00fcller zur Windkraftdebatte in Fl\u00f6rsbachtal (hier lesen) f\u00fcr ein reines Wahlkampfritual in den anstehenden Kommunalwahlen.<\/p>\n","protected":false},"author":26,"featured_media":0,"comment_status":"closed","ping_status":"closed","sticky":false,"template":"","format":"standard","meta":{"footnotes":""},"categories":[1],"tags":[38,29,6,49],"class_list":["post-21819","post","type-post","status-publish","format-standard","hentry","category-allgemein","tag-kommune","tag-parteien","tag-politik","tag-zubau"],"_links":{"self":[{"href":"http:\/\/www.vernunftkraft-hessen.de\/wordpress\/wp-json\/wp\/v2\/posts\/21819","targetHints":{"allow":["GET"]}}],"collection":[{"href":"http:\/\/www.vernunftkraft-hessen.de\/wordpress\/wp-json\/wp\/v2\/posts"}],"about":[{"href":"http:\/\/www.vernunftkraft-hessen.de\/wordpress\/wp-json\/wp\/v2\/types\/post"}],"author":[{"embeddable":true,"href":"http:\/\/www.vernunftkraft-hessen.de\/wordpress\/wp-json\/wp\/v2\/users\/26"}],"replies":[{"embeddable":true,"href":"http:\/\/www.vernunftkraft-hessen.de\/wordpress\/wp-json\/wp\/v2\/comments?post=21819"}],"version-history":[{"count":3,"href":"http:\/\/www.vernunftkraft-hessen.de\/wordpress\/wp-json\/wp\/v2\/posts\/21819\/revisions"}],"predecessor-version":[{"id":21822,"href":"http:\/\/www.vernunftkraft-hessen.de\/wordpress\/wp-json\/wp\/v2\/posts\/21819\/revisions\/21822"}],"wp:attachment":[{"href":"http:\/\/www.vernunftkraft-hessen.de\/wordpress\/wp-json\/wp\/v2\/media?parent=21819"}],"wp:term":[{"taxonomy":"category","embeddable":true,"href":"http:\/\/www.vernunftkraft-hessen.de\/wordpress\/wp-json\/wp\/v2\/categories?post=21819"},{"taxonomy":"post_tag","embeddable":true,"href":"http:\/\/www.vernunftkraft-hessen.de\/wordpress\/wp-json\/wp\/v2\/tags?post=21819"}],"curies":[{"name":"wp","href":"https:\/\/api.w.org\/{rel}","templated":true}]}}