{"id":22315,"date":"2020-09-13T23:02:50","date_gmt":"2020-09-13T21:02:50","guid":{"rendered":"http:\/\/www.vernunftkraft-hessen.de\/wordpress\/?p=22315"},"modified":"2020-09-13T23:04:11","modified_gmt":"2020-09-13T21:04:11","slug":"energiewende-kritiker-fordern-waelder-statt-windkraftanlagen-te","status":"publish","type":"post","link":"http:\/\/www.vernunftkraft-hessen.de\/wordpress\/2020\/09\/13\/energiewende-kritiker-fordern-waelder-statt-windkraftanlagen-te\/","title":{"rendered":"Energiewende-Kritiker fordern: W\u00e4lder statt Windkraftanlagen | TE"},"content":{"rendered":"<p>Von Prof. Fritz Vahrenholt<\/p>\n<blockquote><p>W\u00e4hrend hierzulande Hitzerekorde vermeldet wurden, belegt die globale Betrachtung gleichleibende Temperaturen im August. W\u00e4hrend in Deutschland der Wald der Windkraft weichen muss, w\u00e4re weltweite Wiederaufforstung die zielf\u00fchrende Politik zur CO2-Reduktion.<\/p><\/blockquote>\n<p>Weiterlesen: <em><a href=\"https:\/\/www.tichyseinblick.de\/feuilleton\/buecher\/energiewende-kritiker-fordern-waelder-statt-windkraftanlagen\/\" target=\"_blank\" rel=\"noopener noreferrer\">Energiewende-Kritiker fordern: W\u00e4lder statt Windkraftanlagen<\/a> | TE<\/em><\/p>\n","protected":false},"excerpt":{"rendered":"<p>Von Prof. Fritz Vahrenholt W\u00e4hrend hierzulande Hitzerekorde vermeldet wurden, belegt die globale Betrachtung gleichleibende Temperaturen im August. W\u00e4hrend in Deutschland der Wald der Windkraft weichen muss, w\u00e4re weltweite Wiederaufforstung die zielf\u00fchrende Politik zur CO2-Reduktion. Weiterlesen: Energiewende-Kritiker fordern: W\u00e4lder statt Windkraftanlagen | TE<\/p>\n","protected":false},"author":26,"featured_media":0,"comment_status":"closed","ping_status":"closed","sticky":false,"template":"","format":"standard","meta":{"footnotes":""},"categories":[457],"tags":[55,17,53,299,322,42,488],"class_list":["post-22315","post","type-post","status-publish","format-standard","hentry","category-klimapolitik","tag-co2","tag-energiewende","tag-klima","tag-klimapolitik","tag-klimawandel","tag-wald","tag-waldklima"],"_links":{"self":[{"href":"http:\/\/www.vernunftkraft-hessen.de\/wordpress\/wp-json\/wp\/v2\/posts\/22315","targetHints":{"allow":["GET"]}}],"collection":[{"href":"http:\/\/www.vernunftkraft-hessen.de\/wordpress\/wp-json\/wp\/v2\/posts"}],"about":[{"href":"http:\/\/www.vernunftkraft-hessen.de\/wordpress\/wp-json\/wp\/v2\/types\/post"}],"author":[{"embeddable":true,"href":"http:\/\/www.vernunftkraft-hessen.de\/wordpress\/wp-json\/wp\/v2\/users\/26"}],"replies":[{"embeddable":true,"href":"http:\/\/www.vernunftkraft-hessen.de\/wordpress\/wp-json\/wp\/v2\/comments?post=22315"}],"version-history":[{"count":3,"href":"http:\/\/www.vernunftkraft-hessen.de\/wordpress\/wp-json\/wp\/v2\/posts\/22315\/revisions"}],"predecessor-version":[{"id":22318,"href":"http:\/\/www.vernunftkraft-hessen.de\/wordpress\/wp-json\/wp\/v2\/posts\/22315\/revisions\/22318"}],"wp:attachment":[{"href":"http:\/\/www.vernunftkraft-hessen.de\/wordpress\/wp-json\/wp\/v2\/media?parent=22315"}],"wp:term":[{"taxonomy":"category","embeddable":true,"href":"http:\/\/www.vernunftkraft-hessen.de\/wordpress\/wp-json\/wp\/v2\/categories?post=22315"},{"taxonomy":"post_tag","embeddable":true,"href":"http:\/\/www.vernunftkraft-hessen.de\/wordpress\/wp-json\/wp\/v2\/tags?post=22315"}],"curies":[{"name":"wp","href":"https:\/\/api.w.org\/{rel}","templated":true}]}}