{"id":22483,"date":"2020-09-28T03:06:05","date_gmt":"2020-09-28T01:06:05","guid":{"rendered":"http:\/\/www.vernunftkraft-hessen.de\/wordpress\/?p=22483"},"modified":"2020-09-28T03:06:05","modified_gmt":"2020-09-28T01:06:05","slug":"rotmilane-vergiftet-wer-steckt-hinter-dem-mysterioesen-vogelsterben-in-schleswig-holstein","status":"publish","type":"post","link":"http:\/\/www.vernunftkraft-hessen.de\/wordpress\/2020\/09\/28\/rotmilane-vergiftet-wer-steckt-hinter-dem-mysterioesen-vogelsterben-in-schleswig-holstein\/","title":{"rendered":"Rotmilane vergiftet: Wer steckt hinter dem mysteri\u00f6sen Vogelsterben in Schleswig-Holstein?"},"content":{"rendered":"<p><strong>Rotmilane geh\u00f6ren zu den besonders gesch\u00fctzten Arten. Doch in Schleswig-Holstein hat es jemand auf den Greifvogel abgesehen. Besonders in der N\u00e4he von Windparks h\u00e4ufen sich mysteri\u00f6se Todesf\u00e4lle.<\/strong><\/p>\n<p><iframe loading=\"lazy\" src=\"https:\/\/www.youtube-nocookie.com\/embed\/c_orETIeD-4\" width=\"560\" height=\"315\" frameborder=\"0\" allowfullscreen=\"allowfullscreen\"><\/iframe><\/p>\n<p>Einen weiteren Bericht mit umfangreichem Textbeitrag bei <a href=\"https:\/\/www.rtl.de\/cms\/mysterioeses-vogelsterben-in-schleswig-holstein-rotmilane-wurden-vergiftet-4619543.html?fbclid=IwAR2i7921w4a4xHisE8q_WoYaCsKp2WFLUCNEe6OODO-JjmNVChk9-EWIOF8\" target=\"_blank\" rel=\"noopener noreferrer\">RTL.de<\/a><\/p>\n<p>&nbsp;<\/p>\n","protected":false},"excerpt":{"rendered":"<p>Rotmilane geh\u00f6ren zu den besonders gesch\u00fctzten Arten. Doch in Schleswig-Holstein hat es jemand auf den Greifvogel abgesehen. Besonders in der N\u00e4he von Windparks h\u00e4ufen sich mysteri\u00f6se Todesf\u00e4lle. Einen weiteren Bericht mit umfangreichem Textbeitrag bei RTL.de &nbsp;<\/p>\n","protected":false},"author":26,"featured_media":0,"comment_status":"closed","ping_status":"closed","sticky":false,"template":"","format":"standard","meta":{"footnotes":""},"categories":[67],"tags":[81,44,154,163,58],"class_list":["post-22483","post","type-post","status-publish","format-standard","hentry","category-artenschutz","tag-artenschutz","tag-toetung","tag-tv-bericht","tag-video","tag-voegel"],"_links":{"self":[{"href":"http:\/\/www.vernunftkraft-hessen.de\/wordpress\/wp-json\/wp\/v2\/posts\/22483","targetHints":{"allow":["GET"]}}],"collection":[{"href":"http:\/\/www.vernunftkraft-hessen.de\/wordpress\/wp-json\/wp\/v2\/posts"}],"about":[{"href":"http:\/\/www.vernunftkraft-hessen.de\/wordpress\/wp-json\/wp\/v2\/types\/post"}],"author":[{"embeddable":true,"href":"http:\/\/www.vernunftkraft-hessen.de\/wordpress\/wp-json\/wp\/v2\/users\/26"}],"replies":[{"embeddable":true,"href":"http:\/\/www.vernunftkraft-hessen.de\/wordpress\/wp-json\/wp\/v2\/comments?post=22483"}],"version-history":[{"count":1,"href":"http:\/\/www.vernunftkraft-hessen.de\/wordpress\/wp-json\/wp\/v2\/posts\/22483\/revisions"}],"predecessor-version":[{"id":22484,"href":"http:\/\/www.vernunftkraft-hessen.de\/wordpress\/wp-json\/wp\/v2\/posts\/22483\/revisions\/22484"}],"wp:attachment":[{"href":"http:\/\/www.vernunftkraft-hessen.de\/wordpress\/wp-json\/wp\/v2\/media?parent=22483"}],"wp:term":[{"taxonomy":"category","embeddable":true,"href":"http:\/\/www.vernunftkraft-hessen.de\/wordpress\/wp-json\/wp\/v2\/categories?post=22483"},{"taxonomy":"post_tag","embeddable":true,"href":"http:\/\/www.vernunftkraft-hessen.de\/wordpress\/wp-json\/wp\/v2\/tags?post=22483"}],"curies":[{"name":"wp","href":"https:\/\/api.w.org\/{rel}","templated":true}]}}