{"id":22571,"date":"2020-10-12T01:04:36","date_gmt":"2020-10-11T23:04:36","guid":{"rendered":"http:\/\/www.vernunftkraft-hessen.de\/wordpress\/?p=22571"},"modified":"2020-10-12T01:54:34","modified_gmt":"2020-10-11T23:54:34","slug":"altmaier-plant-spitzentreffen-zur-windkraft-09-10-20-boerse-online","status":"publish","type":"post","link":"http:\/\/www.vernunftkraft-hessen.de\/wordpress\/2020\/10\/12\/altmaier-plant-spitzentreffen-zur-windkraft-09-10-20-boerse-online\/","title":{"rendered":"Altmaier plant Spitzentreffen zur Windkraft am 14. Oktober | B\u00d6RSE ONLINE"},"content":{"rendered":"<blockquote><p><span style=\"font-size: 12pt;\"><strong>Bundeswirtschaftsminister Peter Altmaier (CDU) plant in der kommenden Woche ein Spitzentreffen zur Windkraft. Bei der Videokonferenz am kommenden Mittwoch (14.10) geht es konkret um alte Anlagen, deren F\u00f6rderung bald ausl\u00e4uft, wie eine Sprecherin des Wirtschaftsministeriums am Freitag mitteilte. Eingeladen seien Vertreter von Bundesl\u00e4ndern, anderer Bundesressorts, der Koalitionsfraktionen sowie von Verb\u00e4nden und der Wirtschaft.<\/strong><\/span><\/p><\/blockquote>\n<p>Weiterlesen: <em><a href=\"https:\/\/www.boerse-online.de\/nachrichten\/aktien\/altmaier-plant-spitzentreffen-zur-windkraft-1029665632\" target=\"_blank\" rel=\"noopener noreferrer\">Altmaier plant Spitzentreffen zur Windkraft &#8211; 09.10.20 &#8211; B\u00d6RSE ONLINE<\/a><\/em><\/p>\n","protected":false},"excerpt":{"rendered":"<p>Bundeswirtschaftsminister Peter Altmaier (CDU) plant in der kommenden Woche ein Spitzentreffen zur Windkraft. Bei der Videokonferenz am kommenden Mittwoch (14.10) geht es konkret um alte Anlagen, deren F\u00f6rderung bald ausl\u00e4uft, wie eine Sprecherin des Wirtschaftsministeriums am Freitag mitteilte. Eingeladen seien Vertreter von Bundesl\u00e4ndern, anderer Bundesressorts, der Koalitionsfraktionen sowie von Verb\u00e4nden und der Wirtschaft. Weiterlesen: Altmaier &hellip; <a href=\"http:\/\/www.vernunftkraft-hessen.de\/wordpress\/2020\/10\/12\/altmaier-plant-spitzentreffen-zur-windkraft-09-10-20-boerse-online\/\" class=\"more-link\"><span class=\"screen-reader-text\">\u201eAltmaier plant Spitzentreffen zur Windkraft am 14. Oktober | B\u00d6RSE ONLINE\u201c<\/span> weiterlesen<\/a><\/p>\n","protected":false},"author":26,"featured_media":0,"comment_status":"closed","ping_status":"closed","sticky":false,"template":"","format":"standard","meta":{"footnotes":""},"categories":[222],"tags":[540,12,175,6],"class_list":["post-22571","post","type-post","status-publish","format-standard","hentry","category-energiepolitik","tag-altanlagen","tag-eeg","tag-energiepolitik","tag-politik"],"_links":{"self":[{"href":"http:\/\/www.vernunftkraft-hessen.de\/wordpress\/wp-json\/wp\/v2\/posts\/22571","targetHints":{"allow":["GET"]}}],"collection":[{"href":"http:\/\/www.vernunftkraft-hessen.de\/wordpress\/wp-json\/wp\/v2\/posts"}],"about":[{"href":"http:\/\/www.vernunftkraft-hessen.de\/wordpress\/wp-json\/wp\/v2\/types\/post"}],"author":[{"embeddable":true,"href":"http:\/\/www.vernunftkraft-hessen.de\/wordpress\/wp-json\/wp\/v2\/users\/26"}],"replies":[{"embeddable":true,"href":"http:\/\/www.vernunftkraft-hessen.de\/wordpress\/wp-json\/wp\/v2\/comments?post=22571"}],"version-history":[{"count":3,"href":"http:\/\/www.vernunftkraft-hessen.de\/wordpress\/wp-json\/wp\/v2\/posts\/22571\/revisions"}],"predecessor-version":[{"id":22574,"href":"http:\/\/www.vernunftkraft-hessen.de\/wordpress\/wp-json\/wp\/v2\/posts\/22571\/revisions\/22574"}],"wp:attachment":[{"href":"http:\/\/www.vernunftkraft-hessen.de\/wordpress\/wp-json\/wp\/v2\/media?parent=22571"}],"wp:term":[{"taxonomy":"category","embeddable":true,"href":"http:\/\/www.vernunftkraft-hessen.de\/wordpress\/wp-json\/wp\/v2\/categories?post=22571"},{"taxonomy":"post_tag","embeddable":true,"href":"http:\/\/www.vernunftkraft-hessen.de\/wordpress\/wp-json\/wp\/v2\/tags?post=22571"}],"curies":[{"name":"wp","href":"https:\/\/api.w.org\/{rel}","templated":true}]}}