{"id":23671,"date":"2021-01-05T03:46:23","date_gmt":"2021-01-05T02:46:23","guid":{"rendered":"http:\/\/www.vernunftkraft-hessen.de\/wordpress\/?p=23671"},"modified":"2021-01-05T03:48:22","modified_gmt":"2021-01-05T02:48:22","slug":"windkraft-in-bayern-faellt-die-10h-regelung-br24","status":"publish","type":"post","link":"http:\/\/www.vernunftkraft-hessen.de\/wordpress\/2021\/01\/05\/windkraft-in-bayern-faellt-die-10h-regelung-br24\/","title":{"rendered":"Windkraft in Bayern: F\u00e4llt die 10H-Regelung? | BR24"},"content":{"rendered":"<blockquote><p><span style=\"font-size: 12pt;\"><strong>Seit Bayern seine Sonderregel zum Abstand von Windr\u00e4dern zu Siedlungen in Kraft gesetzt hat, die unter dem Namen 10H bekannt ist, Weiterlesenwerden kaum noch neue Windkraftanlagen genehmigt. Wirtschaftsminister Aiwanger will das \u00e4ndern und hat im Oktober so genannte &#8220;Windk\u00fcmmerer&#8221; ernannt.<\/strong><\/span><\/p><\/blockquote>\n<p>Weiterlesen: <em><a href=\"https:\/\/www.br.de\/nachrichten\/bayern\/windkraft-in-bayern-was-bringen-aiwangers-kuemmerer,SKwDeEq\" target=\"_blank\" rel=\"noopener noreferrer\">Windkraft in Bayern: Was bringen Aiwangers &#8220;K\u00fcmmerer&#8221;? | BR24<\/a><\/em><\/p>\n","protected":false},"excerpt":{"rendered":"<p>Seit Bayern seine Sonderregel zum Abstand von Windr\u00e4dern zu Siedlungen in Kraft gesetzt hat, die unter dem Namen 10H bekannt ist, Weiterlesenwerden kaum noch neue Windkraftanlagen genehmigt. Wirtschaftsminister Aiwanger will das \u00e4ndern und hat im Oktober so genannte &#8220;Windk\u00fcmmerer&#8221; ernannt. Weiterlesen: Windkraft in Bayern: Was bringen Aiwangers &#8220;K\u00fcmmerer&#8221;? | BR24<\/p>\n","protected":false},"author":26,"featured_media":0,"comment_status":"closed","ping_status":"closed","sticky":false,"template":"","format":"standard","meta":{"footnotes":""},"categories":[222],"tags":[109,349,21,38,29,6],"class_list":["post-23671","post","type-post","status-publish","format-standard","hentry","category-energiepolitik","tag-10-h-regelung","tag-bundeslaender","tag-gesundheit","tag-kommune","tag-parteien","tag-politik"],"_links":{"self":[{"href":"http:\/\/www.vernunftkraft-hessen.de\/wordpress\/wp-json\/wp\/v2\/posts\/23671","targetHints":{"allow":["GET"]}}],"collection":[{"href":"http:\/\/www.vernunftkraft-hessen.de\/wordpress\/wp-json\/wp\/v2\/posts"}],"about":[{"href":"http:\/\/www.vernunftkraft-hessen.de\/wordpress\/wp-json\/wp\/v2\/types\/post"}],"author":[{"embeddable":true,"href":"http:\/\/www.vernunftkraft-hessen.de\/wordpress\/wp-json\/wp\/v2\/users\/26"}],"replies":[{"embeddable":true,"href":"http:\/\/www.vernunftkraft-hessen.de\/wordpress\/wp-json\/wp\/v2\/comments?post=23671"}],"version-history":[{"count":3,"href":"http:\/\/www.vernunftkraft-hessen.de\/wordpress\/wp-json\/wp\/v2\/posts\/23671\/revisions"}],"predecessor-version":[{"id":23674,"href":"http:\/\/www.vernunftkraft-hessen.de\/wordpress\/wp-json\/wp\/v2\/posts\/23671\/revisions\/23674"}],"wp:attachment":[{"href":"http:\/\/www.vernunftkraft-hessen.de\/wordpress\/wp-json\/wp\/v2\/media?parent=23671"}],"wp:term":[{"taxonomy":"category","embeddable":true,"href":"http:\/\/www.vernunftkraft-hessen.de\/wordpress\/wp-json\/wp\/v2\/categories?post=23671"},{"taxonomy":"post_tag","embeddable":true,"href":"http:\/\/www.vernunftkraft-hessen.de\/wordpress\/wp-json\/wp\/v2\/tags?post=23671"}],"curies":[{"name":"wp","href":"https:\/\/api.w.org\/{rel}","templated":true}]}}