{"id":23691,"date":"2021-01-06T02:45:50","date_gmt":"2021-01-06T01:45:50","guid":{"rendered":"http:\/\/www.vernunftkraft-hessen.de\/wordpress\/?p=23691"},"modified":"2021-01-06T02:48:33","modified_gmt":"2021-01-06T01:48:33","slug":"den-gruenen-kann-es-egal-sein-wer-unter-ihnen-regiert-juedische-rundschau","status":"publish","type":"post","link":"http:\/\/www.vernunftkraft-hessen.de\/wordpress\/2021\/01\/06\/den-gruenen-kann-es-egal-sein-wer-unter-ihnen-regiert-juedische-rundschau\/","title":{"rendered":"Den Gr\u00fcnen kann es egal sein, wer unter ihnen regiert | J\u00fcdische Rundschau"},"content":{"rendered":"<blockquote><p><span style=\"font-size: 12pt;\"><strong>(&#8230;) Um den \u201eKohleausstieg bis zum Ende dieses Jahrzehnts\u201c zu realisieren, ohne dass Industrie und Privathaushalte mit stromlosen Perioden rechnen m\u00fcssten, ist \u201ef\u00fcnfmal so viel Windkraft an Land\u201c zu \u201ebauen wie jetzt\u201c, erkl\u00e4rt die Politikerin, die Kobalt nicht von Kobolden zu unterscheiden wei\u00df und glaubt, dass das Netz der Speicher sein k\u00f6nnte. Wenn man einmal nachrechnet, wie viele Windkraftparks f\u00fcr f\u00fcnfmal so viel Windkraft n\u00f6tig sein werden, wei\u00df man, wie viele W\u00e4lder und Arten die Besch\u00fctzer der W\u00e4lder und Artenvielfalt zu vernichten sich bereitfinden, um aus den EEG-Million\u00e4ren EEG-Milliard\u00e4re zu machen, denn f\u00fcnfmal so viel Windkraft bedeutet zehnmal so viel an Profit f\u00fcr die Windkraftanlagenproduzenten und Windkraftparkbetreiber und zehnmal h\u00f6here Kosten f\u00fcr die deutschen Steuerzahler. (&#8230;)<br \/>\n<\/strong><\/span><\/p><\/blockquote>\n<p>Der komplette Artikel kann hier erworben werden: <em><a href=\"https:\/\/juedischerundschau.de\/article.2021-01.den-gruenen-kann-es-egal-sein-wer-unter-ihnen-regiert.html?fbclid=IwAR24f6ExbTsCApR8JtPAamWJUtBFpipK5B4RGrwW5TJTy4CMIzPaXlLp09k#.X_Rrcls6AQQ.facebook\" target=\"_blank\" rel=\"noopener noreferrer\">J\u00fcdische Rundschau :: 1 (77) Januar 2021 :: Den Gr\u00fcnen kann es egal sein, wer unter ihnen regiert<\/a><\/em><\/p>\n","protected":false},"excerpt":{"rendered":"<p>(&#8230;) Um den \u201eKohleausstieg bis zum Ende dieses Jahrzehnts\u201c zu realisieren, ohne dass Industrie und Privathaushalte mit stromlosen Perioden rechnen m\u00fcssten, ist \u201ef\u00fcnfmal so viel Windkraft an Land\u201c zu \u201ebauen wie jetzt\u201c, erkl\u00e4rt die Politikerin, die Kobalt nicht von Kobolden zu unterscheiden wei\u00df und glaubt, dass das Netz der Speicher sein k\u00f6nnte. Wenn man einmal &hellip; <a href=\"http:\/\/www.vernunftkraft-hessen.de\/wordpress\/2021\/01\/06\/den-gruenen-kann-es-egal-sein-wer-unter-ihnen-regiert-juedische-rundschau\/\" class=\"more-link\"><span class=\"screen-reader-text\">\u201eDen Gr\u00fcnen kann es egal sein, wer unter ihnen regiert | J\u00fcdische Rundschau\u201c<\/span> weiterlesen<\/a><\/p>\n","protected":false},"author":26,"featured_media":0,"comment_status":"closed","ping_status":"closed","sticky":false,"template":"","format":"standard","meta":{"footnotes":""},"categories":[1],"tags":[175,299,29,6],"class_list":["post-23691","post","type-post","status-publish","format-standard","hentry","category-allgemein","tag-energiepolitik","tag-klimapolitik","tag-parteien","tag-politik"],"_links":{"self":[{"href":"http:\/\/www.vernunftkraft-hessen.de\/wordpress\/wp-json\/wp\/v2\/posts\/23691","targetHints":{"allow":["GET"]}}],"collection":[{"href":"http:\/\/www.vernunftkraft-hessen.de\/wordpress\/wp-json\/wp\/v2\/posts"}],"about":[{"href":"http:\/\/www.vernunftkraft-hessen.de\/wordpress\/wp-json\/wp\/v2\/types\/post"}],"author":[{"embeddable":true,"href":"http:\/\/www.vernunftkraft-hessen.de\/wordpress\/wp-json\/wp\/v2\/users\/26"}],"replies":[{"embeddable":true,"href":"http:\/\/www.vernunftkraft-hessen.de\/wordpress\/wp-json\/wp\/v2\/comments?post=23691"}],"version-history":[{"count":4,"href":"http:\/\/www.vernunftkraft-hessen.de\/wordpress\/wp-json\/wp\/v2\/posts\/23691\/revisions"}],"predecessor-version":[{"id":23695,"href":"http:\/\/www.vernunftkraft-hessen.de\/wordpress\/wp-json\/wp\/v2\/posts\/23691\/revisions\/23695"}],"wp:attachment":[{"href":"http:\/\/www.vernunftkraft-hessen.de\/wordpress\/wp-json\/wp\/v2\/media?parent=23691"}],"wp:term":[{"taxonomy":"category","embeddable":true,"href":"http:\/\/www.vernunftkraft-hessen.de\/wordpress\/wp-json\/wp\/v2\/categories?post=23691"},{"taxonomy":"post_tag","embeddable":true,"href":"http:\/\/www.vernunftkraft-hessen.de\/wordpress\/wp-json\/wp\/v2\/tags?post=23691"}],"curies":[{"name":"wp","href":"https:\/\/api.w.org\/{rel}","templated":true}]}}