{"id":23699,"date":"2021-01-06T02:58:03","date_gmt":"2021-01-06T01:58:03","guid":{"rendered":"http:\/\/www.vernunftkraft-hessen.de\/wordpress\/?p=23699"},"modified":"2021-01-06T03:01:09","modified_gmt":"2021-01-06T02:01:09","slug":"die-e-mobilitaet-wird-die-umwelt-noch-mehr-belasten-als-die-verbrenner-mobilitaet-automobil-industrie","status":"publish","type":"post","link":"http:\/\/www.vernunftkraft-hessen.de\/wordpress\/2021\/01\/06\/die-e-mobilitaet-wird-die-umwelt-noch-mehr-belasten-als-die-verbrenner-mobilitaet-automobil-industrie\/","title":{"rendered":"\u201eDie E-Mobilit\u00e4t wird die Umwelt noch mehr belasten als die Verbrenner-Mobilit\u00e4t\u201c | Automobil-Industrie"},"content":{"rendered":"<p>Ex-Mini-Chefdesigner Gert Hildebrand : <strong><em>&#8220;Die E-Mobilit\u00e4t ist ja keine neue Erfindung, sie ist \u00fcber 100 Jahre alt. Doch sie wird die Umwelt durch Ressourcenverschwendung und Ladeinfrastruktur-Themen noch mehr belasten als die Verbrenner-Mobilit\u00e4t. Mit der Abkehr von der praktikableren und erschwinglichen Verbrenner-Technologie wird eine dramatische Nutzerverschiebung einhergehen: Es k\u00f6nnte sich von der Massenmobilisierung, der freien Bewegung f\u00fcr fast alle, zu einer selektiven Elite-Motorisierung entwickeln. In einem Land mit den h\u00f6chsten Strompreisen der Welt ist die E-Mobilit\u00e4t meines Erachtens ein Widerspruch. Wenn der Staat die entgangenen 50 Milliarden Euro Mineral\u00f6lsteuer irgendwann auf die E-Autos umlegt, dann ist das Thema f\u00fcr die meisten Menschen erledigt.&#8221;<\/em><\/strong><\/p>\n<p>Alles lesen: <em><a href=\"https:\/\/www.automobil-industrie.vogel.de\/die-e-mobilitaet-wird-die-umwelt-noch-mehr-belasten-als-die-verbrenner-mobilitaet-a-989435\/?fbclid=IwAR3RUpQSxqacoSyCP5nivH2JYpOvCHw7LcHGn3DEvF8oXpFB9sTBvj80pl4\" target=\"_blank\" rel=\"noopener noreferrer\">\u201eDie E-Mobilit\u00e4t wird die Umwelt noch mehr belasten als die Verbrenner-Mobilit\u00e4t\u201c | Automobil-Industrie<\/a><\/em><\/p>\n","protected":false},"excerpt":{"rendered":"<p>Ex-Mini-Chefdesigner Gert Hildebrand : &#8220;Die E-Mobilit\u00e4t ist ja keine neue Erfindung, sie ist \u00fcber 100 Jahre alt. Doch sie wird die Umwelt durch Ressourcenverschwendung und Ladeinfrastruktur-Themen noch mehr belasten als die Verbrenner-Mobilit\u00e4t. Mit der Abkehr von der praktikableren und erschwinglichen Verbrenner-Technologie wird eine dramatische Nutzerverschiebung einhergehen: Es k\u00f6nnte sich von der Massenmobilisierung, der freien Bewegung &hellip; <a href=\"http:\/\/www.vernunftkraft-hessen.de\/wordpress\/2021\/01\/06\/die-e-mobilitaet-wird-die-umwelt-noch-mehr-belasten-als-die-verbrenner-mobilitaet-automobil-industrie\/\" class=\"more-link\"><span class=\"screen-reader-text\">\u201e\u201eDie E-Mobilit\u00e4t wird die Umwelt noch mehr belasten als die Verbrenner-Mobilit\u00e4t\u201c | Automobil-Industrie\u201c<\/span> weiterlesen<\/a><\/p>\n","protected":false},"author":26,"featured_media":0,"comment_status":"closed","ping_status":"closed","sticky":false,"template":"","format":"standard","meta":{"footnotes":""},"categories":[453],"tags":[208,175,17,299,84],"class_list":["post-23699","post","type-post","status-publish","format-standard","hentry","category-umwelt","tag-e-mobilitaet","tag-energiepolitik","tag-energiewende","tag-klimapolitik","tag-umwelt"],"_links":{"self":[{"href":"http:\/\/www.vernunftkraft-hessen.de\/wordpress\/wp-json\/wp\/v2\/posts\/23699","targetHints":{"allow":["GET"]}}],"collection":[{"href":"http:\/\/www.vernunftkraft-hessen.de\/wordpress\/wp-json\/wp\/v2\/posts"}],"about":[{"href":"http:\/\/www.vernunftkraft-hessen.de\/wordpress\/wp-json\/wp\/v2\/types\/post"}],"author":[{"embeddable":true,"href":"http:\/\/www.vernunftkraft-hessen.de\/wordpress\/wp-json\/wp\/v2\/users\/26"}],"replies":[{"embeddable":true,"href":"http:\/\/www.vernunftkraft-hessen.de\/wordpress\/wp-json\/wp\/v2\/comments?post=23699"}],"version-history":[{"count":3,"href":"http:\/\/www.vernunftkraft-hessen.de\/wordpress\/wp-json\/wp\/v2\/posts\/23699\/revisions"}],"predecessor-version":[{"id":23702,"href":"http:\/\/www.vernunftkraft-hessen.de\/wordpress\/wp-json\/wp\/v2\/posts\/23699\/revisions\/23702"}],"wp:attachment":[{"href":"http:\/\/www.vernunftkraft-hessen.de\/wordpress\/wp-json\/wp\/v2\/media?parent=23699"}],"wp:term":[{"taxonomy":"category","embeddable":true,"href":"http:\/\/www.vernunftkraft-hessen.de\/wordpress\/wp-json\/wp\/v2\/categories?post=23699"},{"taxonomy":"post_tag","embeddable":true,"href":"http:\/\/www.vernunftkraft-hessen.de\/wordpress\/wp-json\/wp\/v2\/tags?post=23699"}],"curies":[{"name":"wp","href":"https:\/\/api.w.org\/{rel}","templated":true}]}}