{"id":23808,"date":"2021-01-17T00:37:17","date_gmt":"2021-01-16T23:37:17","guid":{"rendered":"http:\/\/www.vernunftkraft-hessen.de\/wordpress\/?p=23808"},"modified":"2021-01-17T00:38:10","modified_gmt":"2021-01-16T23:38:10","slug":"hessische-grwindraeder-vor-artenschutzuene-wollen-neuen-schub-fuer-windkraft-faz","status":"publish","type":"post","link":"http:\/\/www.vernunftkraft-hessen.de\/wordpress\/2021\/01\/17\/hessische-grwindraeder-vor-artenschutzuene-wollen-neuen-schub-fuer-windkraft-faz\/","title":{"rendered":"Windr\u00e4der vor Artenschutz &#8211; Hessische Gr\u00fcne wollen neuen Schub f\u00fcr Windkraft | FAZ"},"content":{"rendered":"<blockquote><p><span style=\"font-size: 12pt;\"><strong>Die hessischen Gr\u00fcnen wollen die Genehmigungsverfahren f\u00fcr den Bau von Windr\u00e4dern beschleunigen und s\u00e4hen sich dabei lieber in einer Koalition mit der SPD.<\/strong><\/span><\/p><\/blockquote>\n<p>Weiterlesen: <em><a href=\"https:\/\/www.faz.net\/aktuell\/rhein-main\/region-und-hessen\/hessische-gruene-wollen-neuen-schub-fuer-windkraft-17146533.html?fbclid=IwAR1vf9k4KNItihSEsm9ImMdBcrxoyABmaYrlqjYJL9I4s4KeTgZy2AlAyyI\" target=\"_blank\" rel=\"noopener noreferrer\">Hessische Gr\u00fcne wollen neuen Schub f\u00fcr Windkraft<\/a><\/em><\/p>\n","protected":false},"excerpt":{"rendered":"<p>Die hessischen Gr\u00fcnen wollen die Genehmigungsverfahren f\u00fcr den Bau von Windr\u00e4dern beschleunigen und s\u00e4hen sich dabei lieber in einer Koalition mit der SPD. Weiterlesen: Hessische Gr\u00fcne wollen neuen Schub f\u00fcr Windkraft<\/p>\n","protected":false},"author":26,"featured_media":0,"comment_status":"closed","ping_status":"closed","sticky":false,"template":"","format":"standard","meta":{"footnotes":""},"categories":[222],"tags":[175,371,29,6,49],"class_list":["post-23808","post","type-post","status-publish","format-standard","hentry","category-energiepolitik","tag-energiepolitik","tag-hessen","tag-parteien","tag-politik","tag-zubau"],"_links":{"self":[{"href":"http:\/\/www.vernunftkraft-hessen.de\/wordpress\/wp-json\/wp\/v2\/posts\/23808","targetHints":{"allow":["GET"]}}],"collection":[{"href":"http:\/\/www.vernunftkraft-hessen.de\/wordpress\/wp-json\/wp\/v2\/posts"}],"about":[{"href":"http:\/\/www.vernunftkraft-hessen.de\/wordpress\/wp-json\/wp\/v2\/types\/post"}],"author":[{"embeddable":true,"href":"http:\/\/www.vernunftkraft-hessen.de\/wordpress\/wp-json\/wp\/v2\/users\/26"}],"replies":[{"embeddable":true,"href":"http:\/\/www.vernunftkraft-hessen.de\/wordpress\/wp-json\/wp\/v2\/comments?post=23808"}],"version-history":[{"count":2,"href":"http:\/\/www.vernunftkraft-hessen.de\/wordpress\/wp-json\/wp\/v2\/posts\/23808\/revisions"}],"predecessor-version":[{"id":23810,"href":"http:\/\/www.vernunftkraft-hessen.de\/wordpress\/wp-json\/wp\/v2\/posts\/23808\/revisions\/23810"}],"wp:attachment":[{"href":"http:\/\/www.vernunftkraft-hessen.de\/wordpress\/wp-json\/wp\/v2\/media?parent=23808"}],"wp:term":[{"taxonomy":"category","embeddable":true,"href":"http:\/\/www.vernunftkraft-hessen.de\/wordpress\/wp-json\/wp\/v2\/categories?post=23808"},{"taxonomy":"post_tag","embeddable":true,"href":"http:\/\/www.vernunftkraft-hessen.de\/wordpress\/wp-json\/wp\/v2\/tags?post=23808"}],"curies":[{"name":"wp","href":"https:\/\/api.w.org\/{rel}","templated":true}]}}