{"id":23826,"date":"2021-01-20T21:08:39","date_gmt":"2021-01-20T20:08:39","guid":{"rendered":"http:\/\/www.vernunftkraft-hessen.de\/wordpress\/?p=23826"},"modified":"2021-01-20T21:08:39","modified_gmt":"2021-01-20T20:08:39","slug":"radio-ffh-kaum-hoerbar-aber-ungesund-tieffrequente-brummtoene-rauben-den-schlaf","status":"publish","type":"post","link":"http:\/\/www.vernunftkraft-hessen.de\/wordpress\/2021\/01\/20\/radio-ffh-kaum-hoerbar-aber-ungesund-tieffrequente-brummtoene-rauben-den-schlaf\/","title":{"rendered":"Radio FFH:  Kaum h\u00f6rbar, aber ungesund &#8211; Tieffrequente Brummt\u00f6ne rauben den Schlaf"},"content":{"rendered":"<p><strong>Bestimmter L\u00e4rm ist f\u00fcr uns Menschen kaum zu h\u00f6ren: Tieffrequenten Schall nennt man diese T\u00f6ne. <\/strong><\/p>\n<p><img loading=\"lazy\" decoding=\"async\" class=\"alignleft\" title=\"\" src=\"https:\/\/www.gegenwind-bad-orb.de\/s\/cc_images\/cache_2478305387.jpg?t=1540858356\" alt=\"\" width=\"171\" height=\"110\" \/>Diese <a href=\"https:\/\/de.wikipedia.org\/wiki\/Brummton-Ph%C3%A4nomen\" target=\"_blank\" rel=\"noopener noreferrer\">T\u00f6ne sp\u00fcren Betroffene meistens sogar k\u00f6rperlich und f\u00fchlen diese\u00a0wie ein Wummern oder Brummen in Kopf oder Brustkorb<\/a>.\u00a0Laut einer Studie des Umweltbundesamtes kommt dieser \u201eleise L\u00e4rm\u201c zum Beispiel von Heizkraftwerken, Biogasanlagen oder <strong>Windr\u00e4dern.<\/strong><\/p>\n<p><a href=\"https:\/\/www.ffh.de\/nachrichten\/hessen\/suedhessen\/258069-schriesheim-brummtoene-rauben-schlaf.html?utm_medium=social&amp;utm_source=Facebook\" target=\"_blank\" rel=\"noopener noreferrer\">Weiterlesen<\/a><\/p>\n","protected":false},"excerpt":{"rendered":"<p>Bestimmter L\u00e4rm ist f\u00fcr uns Menschen kaum zu h\u00f6ren: Tieffrequenten Schall nennt man diese T\u00f6ne. Diese T\u00f6ne sp\u00fcren Betroffene meistens sogar k\u00f6rperlich und f\u00fchlen diese\u00a0wie ein Wummern oder Brummen in Kopf oder Brustkorb.\u00a0Laut einer Studie des Umweltbundesamtes kommt dieser \u201eleise L\u00e4rm\u201c zum Beispiel von Heizkraftwerken, Biogasanlagen oder Windr\u00e4dern. Weiterlesen<\/p>\n","protected":false},"author":26,"featured_media":0,"comment_status":"closed","ping_status":"closed","sticky":false,"template":"","format":"standard","meta":{"footnotes":""},"categories":[64],"tags":[21,45],"class_list":["post-23826","post","type-post","status-publish","format-standard","hentry","category-gesundheit","tag-gesundheit","tag-infraschall"],"_links":{"self":[{"href":"http:\/\/www.vernunftkraft-hessen.de\/wordpress\/wp-json\/wp\/v2\/posts\/23826","targetHints":{"allow":["GET"]}}],"collection":[{"href":"http:\/\/www.vernunftkraft-hessen.de\/wordpress\/wp-json\/wp\/v2\/posts"}],"about":[{"href":"http:\/\/www.vernunftkraft-hessen.de\/wordpress\/wp-json\/wp\/v2\/types\/post"}],"author":[{"embeddable":true,"href":"http:\/\/www.vernunftkraft-hessen.de\/wordpress\/wp-json\/wp\/v2\/users\/26"}],"replies":[{"embeddable":true,"href":"http:\/\/www.vernunftkraft-hessen.de\/wordpress\/wp-json\/wp\/v2\/comments?post=23826"}],"version-history":[{"count":2,"href":"http:\/\/www.vernunftkraft-hessen.de\/wordpress\/wp-json\/wp\/v2\/posts\/23826\/revisions"}],"predecessor-version":[{"id":23828,"href":"http:\/\/www.vernunftkraft-hessen.de\/wordpress\/wp-json\/wp\/v2\/posts\/23826\/revisions\/23828"}],"wp:attachment":[{"href":"http:\/\/www.vernunftkraft-hessen.de\/wordpress\/wp-json\/wp\/v2\/media?parent=23826"}],"wp:term":[{"taxonomy":"category","embeddable":true,"href":"http:\/\/www.vernunftkraft-hessen.de\/wordpress\/wp-json\/wp\/v2\/categories?post=23826"},{"taxonomy":"post_tag","embeddable":true,"href":"http:\/\/www.vernunftkraft-hessen.de\/wordpress\/wp-json\/wp\/v2\/tags?post=23826"}],"curies":[{"name":"wp","href":"https:\/\/api.w.org\/{rel}","templated":true}]}}