{"id":23838,"date":"2021-01-20T21:40:16","date_gmt":"2021-01-20T20:40:16","guid":{"rendered":"http:\/\/www.vernunftkraft-hessen.de\/wordpress\/?p=23838"},"modified":"2021-01-20T21:46:29","modified_gmt":"2021-01-20T20:46:29","slug":"lockdown-der-physik-oder-willkommen-im-land-der-stromsperren-die-achse-des-guten","status":"publish","type":"post","link":"http:\/\/www.vernunftkraft-hessen.de\/wordpress\/2021\/01\/20\/lockdown-der-physik-oder-willkommen-im-land-der-stromsperren-die-achse-des-guten\/","title":{"rendered":"Lockdown der Physik. Oder: Willkommen im Land der Stromsperren! \u2013 DIE ACHSE DES GUTEN"},"content":{"rendered":"<p>Von Manfred Haferburg<\/p>\n<blockquote><p><span style=\"font-size: 12pt;\"><strong>Das Bundeswirtschaftsministerium hatte einen Gesetzentwurf eingebracht, der Stromanbietern durch eine \u00c4nderung des Energiewirtschaftsgesetzes die M\u00f6glichkeit der \u201eSpitzengl\u00e4ttung\u201c einr\u00e4umt, n\u00e4mlich gr\u00f6\u00dfere Privatverbraucher wie Elektroautos und W\u00e4rmepumpen zeitweise ferngesteuert vom Netz zu nehmen. Nicht nur E-Fahrzeugen und W\u00e4rmepumpen, auch Nachtspeicherheizungen sollte ferngesteuert der Saft abgedreht werden. \u201eSpitzengl\u00e4ttung\u201c hie\u00df die Zwangspause in Paragraph 14a des ge\u00e4nderten Energiewirtschaftsgesetzes.<\/strong><\/span><\/p>\n<p><span style=\"font-size: 12pt;\"><strong>Die <a href=\"https:\/\/www.welt.de\/wirtschaft\/article224522826\/Zwangs-Ladepausen-fuer-E-Autos-Altmaier-hat-es-sich-anders-ueberlegt.html\" target=\"_blank\" rel=\"noopener noreferrer\">Welt am Sonntag<\/a> ver\u00f6ffentlichte am 17. Januar einen Artikel, und innerhalb weniger Stunden erhob sich ein Shitstorm mit mehr als 1.000 w\u00fctenden Zuschriften. Und das, obwohl die Welt nur noch Abonnenten kommentieren l\u00e4sst.\u00a0<\/strong><\/span><\/p><\/blockquote>\n<p>Weiterlesen: <em><a href=\"https:\/\/www.achgut.com\/artikel\/lockdown_der_physik_oder_willkommen_im_Land_der_strosperren\">Lockdown der Physik. Oder: Willkommen im Land der Stromsperren! \u2013 DIE ACHSE DES GUTEN. ACHGUT.COM<\/a><\/em><\/p>\n","protected":false},"excerpt":{"rendered":"<p>Von Manfred Haferburg Das Bundeswirtschaftsministerium hatte einen Gesetzentwurf eingebracht, der Stromanbietern durch eine \u00c4nderung des Energiewirtschaftsgesetzes die M\u00f6glichkeit der \u201eSpitzengl\u00e4ttung\u201c einr\u00e4umt, n\u00e4mlich gr\u00f6\u00dfere Privatverbraucher wie Elektroautos und W\u00e4rmepumpen zeitweise ferngesteuert vom Netz zu nehmen. Nicht nur E-Fahrzeugen und W\u00e4rmepumpen, auch Nachtspeicherheizungen sollte ferngesteuert der Saft abgedreht werden. \u201eSpitzengl\u00e4ttung\u201c hie\u00df die Zwangspause in Paragraph 14a des &hellip; <a href=\"http:\/\/www.vernunftkraft-hessen.de\/wordpress\/2021\/01\/20\/lockdown-der-physik-oder-willkommen-im-land-der-stromsperren-die-achse-des-guten\/\" class=\"more-link\"><span class=\"screen-reader-text\">\u201eLockdown der Physik. Oder: Willkommen im Land der Stromsperren! \u2013 DIE ACHSE DES GUTEN\u201c<\/span> weiterlesen<\/a><\/p>\n","protected":false},"author":26,"featured_media":0,"comment_status":"closed","ping_status":"closed","sticky":false,"template":"","format":"standard","meta":{"footnotes":""},"categories":[222],"tags":[175,17,61,36,250],"class_list":["post-23838","post","type-post","status-publish","format-standard","hentry","category-energiepolitik","tag-energiepolitik","tag-energiewende","tag-strommarkt","tag-stromversorgung","tag-versorgungssicherheit"],"_links":{"self":[{"href":"http:\/\/www.vernunftkraft-hessen.de\/wordpress\/wp-json\/wp\/v2\/posts\/23838","targetHints":{"allow":["GET"]}}],"collection":[{"href":"http:\/\/www.vernunftkraft-hessen.de\/wordpress\/wp-json\/wp\/v2\/posts"}],"about":[{"href":"http:\/\/www.vernunftkraft-hessen.de\/wordpress\/wp-json\/wp\/v2\/types\/post"}],"author":[{"embeddable":true,"href":"http:\/\/www.vernunftkraft-hessen.de\/wordpress\/wp-json\/wp\/v2\/users\/26"}],"replies":[{"embeddable":true,"href":"http:\/\/www.vernunftkraft-hessen.de\/wordpress\/wp-json\/wp\/v2\/comments?post=23838"}],"version-history":[{"count":3,"href":"http:\/\/www.vernunftkraft-hessen.de\/wordpress\/wp-json\/wp\/v2\/posts\/23838\/revisions"}],"predecessor-version":[{"id":23841,"href":"http:\/\/www.vernunftkraft-hessen.de\/wordpress\/wp-json\/wp\/v2\/posts\/23838\/revisions\/23841"}],"wp:attachment":[{"href":"http:\/\/www.vernunftkraft-hessen.de\/wordpress\/wp-json\/wp\/v2\/media?parent=23838"}],"wp:term":[{"taxonomy":"category","embeddable":true,"href":"http:\/\/www.vernunftkraft-hessen.de\/wordpress\/wp-json\/wp\/v2\/categories?post=23838"},{"taxonomy":"post_tag","embeddable":true,"href":"http:\/\/www.vernunftkraft-hessen.de\/wordpress\/wp-json\/wp\/v2\/tags?post=23838"}],"curies":[{"name":"wp","href":"https:\/\/api.w.org\/{rel}","templated":true}]}}