{"id":24077,"date":"2021-02-09T17:55:58","date_gmt":"2021-02-09T16:55:58","guid":{"rendered":"http:\/\/www.vernunftkraft-hessen.de\/wordpress\/?p=24077"},"modified":"2021-02-09T17:55:58","modified_gmt":"2021-02-09T16:55:58","slug":"woher-kommt-der-strom-4-woche-2021","status":"publish","type":"post","link":"http:\/\/www.vernunftkraft-hessen.de\/wordpress\/2021\/02\/09\/woher-kommt-der-strom-4-woche-2021\/","title":{"rendered":"Woher kommt der Strom? 4. Woche 2021"},"content":{"rendered":"<p>Von R\u00fcdiger Stobbe<\/p>\n<blockquote><p><span style=\"font-size: 12pt;\"><strong> Die ersten 31 Tage des Jahres waren im Vergleich zu den Vorjahren windschwach. Da mussten die konventionellen Stromerzeuger kr\u00e4ftig hinzu erzeugen. Der Strombedarf war zu Wochenbeginn hoch. Weil Deutschland selbst nicht gen\u00fcgend Strom erzeugen konnte, wollte, wurde am Montag zu H\u00f6chstpreisen der Woche importiert.<\/strong> <\/span><\/p><\/blockquote>\n<p>Weiterlesen: <a href=\"https:\/\/www.achgut.com\/artikel\/woher_kommt_der_strom_4_woche_2021_\" target=\"_blank\" rel=\"noopener noreferrer\"><em>Woher kommt der Strom? 4. Woche<\/em> 2021| achgut.com<\/a><\/p>\n<p>Die bisherigen Artikel der Kolumne\u00a0Woher kommt der Strom?\u00a0mit jeweils einer kurzen Inhaltserl\u00e4uterung finden Sie\u00a0<a href=\"http:\/\/www.mediagnose.de\/2019\/02\/20\/inhaltsverzeichnis\/\" target=\"_blank\" rel=\"noopener noreferrer\">hier<\/a><\/p>\n","protected":false},"excerpt":{"rendered":"<p>Von R\u00fcdiger Stobbe Die ersten 31 Tage des Jahres waren im Vergleich zu den Vorjahren windschwach. Da mussten die konventionellen Stromerzeuger kr\u00e4ftig hinzu erzeugen. Der Strombedarf war zu Wochenbeginn hoch. Weil Deutschland selbst nicht gen\u00fcgend Strom erzeugen konnte, wollte, wurde am Montag zu H\u00f6chstpreisen der Woche importiert. Weiterlesen: Woher kommt der Strom? 4. Woche 2021| &hellip; <a href=\"http:\/\/www.vernunftkraft-hessen.de\/wordpress\/2021\/02\/09\/woher-kommt-der-strom-4-woche-2021\/\" class=\"more-link\"><span class=\"screen-reader-text\">\u201eWoher kommt der Strom? 4. Woche 2021\u201c<\/span> weiterlesen<\/a><\/p>\n","protected":false},"author":26,"featured_media":0,"comment_status":"closed","ping_status":"closed","sticky":false,"template":"","format":"standard","meta":{"footnotes":""},"categories":[222],"tags":[17,159,61,36,250],"class_list":["post-24077","post","type-post","status-publish","format-standard","hentry","category-energiepolitik","tag-energiewende","tag-netzstabilitaet","tag-strommarkt","tag-stromversorgung","tag-versorgungssicherheit"],"_links":{"self":[{"href":"http:\/\/www.vernunftkraft-hessen.de\/wordpress\/wp-json\/wp\/v2\/posts\/24077","targetHints":{"allow":["GET"]}}],"collection":[{"href":"http:\/\/www.vernunftkraft-hessen.de\/wordpress\/wp-json\/wp\/v2\/posts"}],"about":[{"href":"http:\/\/www.vernunftkraft-hessen.de\/wordpress\/wp-json\/wp\/v2\/types\/post"}],"author":[{"embeddable":true,"href":"http:\/\/www.vernunftkraft-hessen.de\/wordpress\/wp-json\/wp\/v2\/users\/26"}],"replies":[{"embeddable":true,"href":"http:\/\/www.vernunftkraft-hessen.de\/wordpress\/wp-json\/wp\/v2\/comments?post=24077"}],"version-history":[{"count":1,"href":"http:\/\/www.vernunftkraft-hessen.de\/wordpress\/wp-json\/wp\/v2\/posts\/24077\/revisions"}],"predecessor-version":[{"id":24078,"href":"http:\/\/www.vernunftkraft-hessen.de\/wordpress\/wp-json\/wp\/v2\/posts\/24077\/revisions\/24078"}],"wp:attachment":[{"href":"http:\/\/www.vernunftkraft-hessen.de\/wordpress\/wp-json\/wp\/v2\/media?parent=24077"}],"wp:term":[{"taxonomy":"category","embeddable":true,"href":"http:\/\/www.vernunftkraft-hessen.de\/wordpress\/wp-json\/wp\/v2\/categories?post=24077"},{"taxonomy":"post_tag","embeddable":true,"href":"http:\/\/www.vernunftkraft-hessen.de\/wordpress\/wp-json\/wp\/v2\/tags?post=24077"}],"curies":[{"name":"wp","href":"https:\/\/api.w.org\/{rel}","templated":true}]}}