{"id":24215,"date":"2021-02-21T21:22:00","date_gmt":"2021-02-21T20:22:00","guid":{"rendered":"http:\/\/www.vernunftkraft-hessen.de\/wordpress\/?p=24215"},"modified":"2021-02-21T21:22:34","modified_gmt":"2021-02-21T20:22:34","slug":"buendnis-startet-denkfabrik-fuer-innovative-klimapolitik-der-zukunft-handelsblatt","status":"publish","type":"post","link":"http:\/\/www.vernunftkraft-hessen.de\/wordpress\/2021\/02\/21\/buendnis-startet-denkfabrik-fuer-innovative-klimapolitik-der-zukunft-handelsblatt\/","title":{"rendered":"B\u00fcndnis startet Denkfabrik f\u00fcr &#8216;innovative&#8217; Klimapolitik der Zukunft | Handelsblatt"},"content":{"rendered":"<blockquote><p><span style=\"font-size: 12pt;\"><strong>Ein breites B\u00fcndnis aus Politik, Wirtschaft und Wissenschaft will mit einer neuen, partei\u00fcbergreifenden Denkfabrik Konzepte f\u00fcr die Klima- und Energiepolitik der Zukunft erarbeiten. Hinter dem Thinktank, der letzten Donnerstag digital zu seiner konstituierenden Sitzung zusammentritt, steckt der neu gegr\u00fcndete Verein EPICO KlimaInnovation. Nach eigenen Angaben will der Verein mit &#8220;markt-und innovationsorientierten&#8221; L\u00f6sungen erreichen, dass Deutschland bis 2050 das Ziel der Klimaneutralit\u00e4t erf\u00fcllen kann.<\/strong><\/span><\/p><\/blockquote>\n<p>Weiterlesen: <em><a href=\"https:\/\/www.handelsblatt.com\/dpa\/wirtschaft-handel-und-finanzen-buendnis-startet-denkfabrik-fuer-innovative-klimapolitik-der-zukunft\/26927506.html?fbclid=IwAR23nhWf2JecUIY0y1mUvLV8d5SgicNv4PZVN9J9UzDU5T055Vftcz-tkwE&amp;ticket=ST-2476774-VceYVXAsmYM5oBLshpJb-ap2\" target=\"_blank\" rel=\"noopener noreferrer\">Wirtschaft, Handel &amp; Finanzen: B\u00fcndnis startet Denkfabrik f\u00fcr &#8216;innovative&#8217; Klimapolitik der Zukunft | Handelsblatt<\/a><\/em><\/p>\n","protected":false},"excerpt":{"rendered":"<p>Ein breites B\u00fcndnis aus Politik, Wirtschaft und Wissenschaft will mit einer neuen, partei\u00fcbergreifenden Denkfabrik Konzepte f\u00fcr die Klima- und Energiepolitik der Zukunft erarbeiten. Hinter dem Thinktank, der letzten Donnerstag digital zu seiner konstituierenden Sitzung zusammentritt, steckt der neu gegr\u00fcndete Verein EPICO KlimaInnovation. Nach eigenen Angaben will der Verein mit &#8220;markt-und innovationsorientierten&#8221; L\u00f6sungen erreichen, dass Deutschland &hellip; <a href=\"http:\/\/www.vernunftkraft-hessen.de\/wordpress\/2021\/02\/21\/buendnis-startet-denkfabrik-fuer-innovative-klimapolitik-der-zukunft-handelsblatt\/\" class=\"more-link\"><span class=\"screen-reader-text\">\u201eB\u00fcndnis startet Denkfabrik f\u00fcr &#8216;innovative&#8217; Klimapolitik der Zukunft | Handelsblatt\u201c<\/span> weiterlesen<\/a><\/p>\n","protected":false},"author":26,"featured_media":0,"comment_status":"closed","ping_status":"closed","sticky":false,"template":"","format":"standard","meta":{"footnotes":""},"categories":[457],"tags":[175,299,29,6,511],"class_list":["post-24215","post","type-post","status-publish","format-standard","hentry","category-klimapolitik","tag-energiepolitik","tag-klimapolitik","tag-parteien","tag-politik","tag-wirtschaft"],"_links":{"self":[{"href":"http:\/\/www.vernunftkraft-hessen.de\/wordpress\/wp-json\/wp\/v2\/posts\/24215","targetHints":{"allow":["GET"]}}],"collection":[{"href":"http:\/\/www.vernunftkraft-hessen.de\/wordpress\/wp-json\/wp\/v2\/posts"}],"about":[{"href":"http:\/\/www.vernunftkraft-hessen.de\/wordpress\/wp-json\/wp\/v2\/types\/post"}],"author":[{"embeddable":true,"href":"http:\/\/www.vernunftkraft-hessen.de\/wordpress\/wp-json\/wp\/v2\/users\/26"}],"replies":[{"embeddable":true,"href":"http:\/\/www.vernunftkraft-hessen.de\/wordpress\/wp-json\/wp\/v2\/comments?post=24215"}],"version-history":[{"count":2,"href":"http:\/\/www.vernunftkraft-hessen.de\/wordpress\/wp-json\/wp\/v2\/posts\/24215\/revisions"}],"predecessor-version":[{"id":24217,"href":"http:\/\/www.vernunftkraft-hessen.de\/wordpress\/wp-json\/wp\/v2\/posts\/24215\/revisions\/24217"}],"wp:attachment":[{"href":"http:\/\/www.vernunftkraft-hessen.de\/wordpress\/wp-json\/wp\/v2\/media?parent=24215"}],"wp:term":[{"taxonomy":"category","embeddable":true,"href":"http:\/\/www.vernunftkraft-hessen.de\/wordpress\/wp-json\/wp\/v2\/categories?post=24215"},{"taxonomy":"post_tag","embeddable":true,"href":"http:\/\/www.vernunftkraft-hessen.de\/wordpress\/wp-json\/wp\/v2\/tags?post=24215"}],"curies":[{"name":"wp","href":"https:\/\/api.w.org\/{rel}","templated":true}]}}