{"id":24265,"date":"2021-02-23T22:32:01","date_gmt":"2021-02-23T21:32:01","guid":{"rendered":"http:\/\/www.vernunftkraft-hessen.de\/wordpress\/?p=24265"},"modified":"2021-02-23T22:32:01","modified_gmt":"2021-02-23T21:32:01","slug":"woher-kommt-der-strom-6-woche-ein-windstrom-desaster-achgut-com","status":"publish","type":"post","link":"http:\/\/www.vernunftkraft-hessen.de\/wordpress\/2021\/02\/23\/woher-kommt-der-strom-6-woche-ein-windstrom-desaster-achgut-com\/","title":{"rendered":"Woher kommt der Strom? 6. Woche \u2013 ein Windstrom-Desaster | achgut.com"},"content":{"rendered":"<p>Von R\u00fcdiger Stobbe<\/p>\n<blockquote><p><span style=\"font-size: 12pt;\"><strong> Den Technikern und Ingenieuren war klar, dass eine mehrt\u00e4gige Wind-Flaute bevorstand, die mit hoher konventioneller Zusatzstromerzeugung aufgef\u00fcllt werden muss. Das gelang in den Steuerungszentralen insgesamt sehr gut. Lediglich am Donnerstag, als die Windstromerzeugung nur etwa 9 Prozent des Strombedarfs lieferte, entstand eine Unterdeckung, die teuer bezahlt werden musste.<\/strong><\/span><\/p><\/blockquote>\n<p>Alles lesen: <a href=\"https:\/\/www.achgut.com\/artikel\/woher_kommt_der_strom_6._woche_ein_windstrom_desaster_\" target=\"_blank\" rel=\"noopener noreferrer\"><em>Woher kommt der Strom? 6. Woche \u2013 ein Windstrom-Desaster | achgut.com<\/em><\/a><\/p>\n<p>Die bisherigen Artikel der Kolumne\u00a0Woher kommt der Strom?\u00a0mit jeweils einer kurzen Inhaltserl\u00e4uterung finden Sie\u00a0<a href=\"http:\/\/www.mediagnose.de\/2019\/02\/20\/inhaltsverzeichnis\/\" target=\"_blank\" rel=\"noopener noreferrer\">hier<\/a><\/p>\n","protected":false},"excerpt":{"rendered":"<p>Von R\u00fcdiger Stobbe Den Technikern und Ingenieuren war klar, dass eine mehrt\u00e4gige Wind-Flaute bevorstand, die mit hoher konventioneller Zusatzstromerzeugung aufgef\u00fcllt werden muss. Das gelang in den Steuerungszentralen insgesamt sehr gut. Lediglich am Donnerstag, als die Windstromerzeugung nur etwa 9 Prozent des Strombedarfs lieferte, entstand eine Unterdeckung, die teuer bezahlt werden musste. Alles lesen: Woher kommt &hellip; <a href=\"http:\/\/www.vernunftkraft-hessen.de\/wordpress\/2021\/02\/23\/woher-kommt-der-strom-6-woche-ein-windstrom-desaster-achgut-com\/\" class=\"more-link\"><span class=\"screen-reader-text\">\u201eWoher kommt der Strom? 6. Woche \u2013 ein Windstrom-Desaster | achgut.com\u201c<\/span> weiterlesen<\/a><\/p>\n","protected":false},"author":26,"featured_media":0,"comment_status":"closed","ping_status":"closed","sticky":false,"template":"","format":"standard","meta":{"footnotes":""},"categories":[222],"tags":[17,159,28,36,250],"class_list":["post-24265","post","type-post","status-publish","format-standard","hentry","category-energiepolitik","tag-energiewende","tag-netzstabilitaet","tag-strompreis","tag-stromversorgung","tag-versorgungssicherheit"],"_links":{"self":[{"href":"http:\/\/www.vernunftkraft-hessen.de\/wordpress\/wp-json\/wp\/v2\/posts\/24265","targetHints":{"allow":["GET"]}}],"collection":[{"href":"http:\/\/www.vernunftkraft-hessen.de\/wordpress\/wp-json\/wp\/v2\/posts"}],"about":[{"href":"http:\/\/www.vernunftkraft-hessen.de\/wordpress\/wp-json\/wp\/v2\/types\/post"}],"author":[{"embeddable":true,"href":"http:\/\/www.vernunftkraft-hessen.de\/wordpress\/wp-json\/wp\/v2\/users\/26"}],"replies":[{"embeddable":true,"href":"http:\/\/www.vernunftkraft-hessen.de\/wordpress\/wp-json\/wp\/v2\/comments?post=24265"}],"version-history":[{"count":1,"href":"http:\/\/www.vernunftkraft-hessen.de\/wordpress\/wp-json\/wp\/v2\/posts\/24265\/revisions"}],"predecessor-version":[{"id":24266,"href":"http:\/\/www.vernunftkraft-hessen.de\/wordpress\/wp-json\/wp\/v2\/posts\/24265\/revisions\/24266"}],"wp:attachment":[{"href":"http:\/\/www.vernunftkraft-hessen.de\/wordpress\/wp-json\/wp\/v2\/media?parent=24265"}],"wp:term":[{"taxonomy":"category","embeddable":true,"href":"http:\/\/www.vernunftkraft-hessen.de\/wordpress\/wp-json\/wp\/v2\/categories?post=24265"},{"taxonomy":"post_tag","embeddable":true,"href":"http:\/\/www.vernunftkraft-hessen.de\/wordpress\/wp-json\/wp\/v2\/tags?post=24265"}],"curies":[{"name":"wp","href":"https:\/\/api.w.org\/{rel}","templated":true}]}}