{"id":24268,"date":"2021-02-24T03:57:11","date_gmt":"2021-02-24T02:57:11","guid":{"rendered":"http:\/\/www.vernunftkraft-hessen.de\/wordpress\/?p=24268"},"modified":"2021-02-24T03:59:00","modified_gmt":"2021-02-24T02:59:00","slug":"artenschutz-und-klimakrise-die-natur-der-gruenen-taz-de","status":"publish","type":"post","link":"http:\/\/www.vernunftkraft-hessen.de\/wordpress\/2021\/02\/24\/artenschutz-und-klimakrise-die-natur-der-gruenen-taz-de\/","title":{"rendered":"Artenschutz und Klimakrise: Die Natur der Gr\u00fcnen &#8211; taz.de"},"content":{"rendered":"<p>Ein erstaunlich kritischer Artikel zu &#8220;Gr\u00fcner&#8221; Klimapolitik der &#8220;taz&#8221;.<\/p>\n<blockquote><p><span style=\"font-size: 12pt;\"><strong>Die Natur der Gr\u00fcnen ist nicht \u00f6kologisch. Sie ist technisch, und das verhei\u00dft f\u00fcr den notwendigen Systemwechsel zum Erhalt der biologischen Vielfalt nichts Gutes.<\/strong><\/span><\/p><\/blockquote>\n<p>Weiterlesen: <em><a href=\"https:\/\/taz.de\/Artenschutz-und-Klimakrise\/!5750314\/\">Artenschutz und Klimakrise: Die Natur der Gr\u00fcnen &#8211; taz.de<\/a><\/em><\/p>\n","protected":false},"excerpt":{"rendered":"<p>Ein erstaunlich kritischer Artikel zu &#8220;Gr\u00fcner&#8221; Klimapolitik der &#8220;taz&#8221;. Die Natur der Gr\u00fcnen ist nicht \u00f6kologisch. Sie ist technisch, und das verhei\u00dft f\u00fcr den notwendigen Systemwechsel zum Erhalt der biologischen Vielfalt nichts Gutes. Weiterlesen: Artenschutz und Klimakrise: Die Natur der Gr\u00fcnen &#8211; taz.de<\/p>\n","protected":false},"author":26,"featured_media":0,"comment_status":"closed","ping_status":"closed","sticky":false,"template":"","format":"standard","meta":{"footnotes":""},"categories":[457],"tags":[81,53,299,29],"class_list":["post-24268","post","type-post","status-publish","format-standard","hentry","category-klimapolitik","tag-artenschutz","tag-klima","tag-klimapolitik","tag-parteien"],"_links":{"self":[{"href":"http:\/\/www.vernunftkraft-hessen.de\/wordpress\/wp-json\/wp\/v2\/posts\/24268","targetHints":{"allow":["GET"]}}],"collection":[{"href":"http:\/\/www.vernunftkraft-hessen.de\/wordpress\/wp-json\/wp\/v2\/posts"}],"about":[{"href":"http:\/\/www.vernunftkraft-hessen.de\/wordpress\/wp-json\/wp\/v2\/types\/post"}],"author":[{"embeddable":true,"href":"http:\/\/www.vernunftkraft-hessen.de\/wordpress\/wp-json\/wp\/v2\/users\/26"}],"replies":[{"embeddable":true,"href":"http:\/\/www.vernunftkraft-hessen.de\/wordpress\/wp-json\/wp\/v2\/comments?post=24268"}],"version-history":[{"count":3,"href":"http:\/\/www.vernunftkraft-hessen.de\/wordpress\/wp-json\/wp\/v2\/posts\/24268\/revisions"}],"predecessor-version":[{"id":24271,"href":"http:\/\/www.vernunftkraft-hessen.de\/wordpress\/wp-json\/wp\/v2\/posts\/24268\/revisions\/24271"}],"wp:attachment":[{"href":"http:\/\/www.vernunftkraft-hessen.de\/wordpress\/wp-json\/wp\/v2\/media?parent=24268"}],"wp:term":[{"taxonomy":"category","embeddable":true,"href":"http:\/\/www.vernunftkraft-hessen.de\/wordpress\/wp-json\/wp\/v2\/categories?post=24268"},{"taxonomy":"post_tag","embeddable":true,"href":"http:\/\/www.vernunftkraft-hessen.de\/wordpress\/wp-json\/wp\/v2\/tags?post=24268"}],"curies":[{"name":"wp","href":"https:\/\/api.w.org\/{rel}","templated":true}]}}