{"id":24274,"date":"2021-02-24T23:07:45","date_gmt":"2021-02-24T22:07:45","guid":{"rendered":"http:\/\/www.vernunftkraft-hessen.de\/wordpress\/?p=24274"},"modified":"2021-02-24T23:07:45","modified_gmt":"2021-02-24T22:07:45","slug":"ueberraschende-entwicklung-fuer-die-elektromobilitaet-kalte-sonne","status":"publish","type":"post","link":"http:\/\/www.vernunftkraft-hessen.de\/wordpress\/2021\/02\/24\/ueberraschende-entwicklung-fuer-die-elektromobilitaet-kalte-sonne\/","title":{"rendered":"\u00dcberraschende Entwicklung f\u00fcr die Elektromobilit\u00e4t | Kalte Sonne"},"content":{"rendered":"<p><strong>Reinhard Storz: <em>&#8220;K\u00fcrzlich sah ich im Fernsehen einen Beitrag, in dem \u00fcber die Probleme der<\/em><\/strong><em> Feuerwehr<strong> berichtet wurde, die auftreten, wenn ein Elektroauto in Brand steht. Ein L\u00f6schen mit herk\u00f6mmlichen Mitteln ist nach Auskunft der Fachleute nicht m\u00f6glich. Die Batterie kann sich, auch nach Stunden, immer wieder entz\u00fcnden, wurde berichtet.&#8221;<\/strong><\/em><\/p>\n<blockquote class=\"wp-embedded-content\" data-secret=\"wh3XTdK2M6\"><p><a href=\"https:\/\/kaltesonne.de\/ueberraschende-entwicklung-fuer-die-elektromobilitaet\/\">\u00dcberraschende Entwicklung f\u00fcr die Elektromobilit\u00e4t<\/a><\/p><\/blockquote>\n<p><iframe loading=\"lazy\" class=\"wp-embedded-content\" sandbox=\"allow-scripts\" security=\"restricted\" style=\"position: absolute; clip: rect(1px, 1px, 1px, 1px);\" src=\"https:\/\/kaltesonne.de\/ueberraschende-entwicklung-fuer-die-elektromobilitaet\/embed\/#?secret=wh3XTdK2M6\" data-secret=\"wh3XTdK2M6\" width=\"600\" height=\"338\" title=\"&#8222;\u00dcberraschende Entwicklung f\u00fcr die Elektromobilit\u00e4t&#8220; &#8212; Kalte Sonne\" frameborder=\"0\" marginwidth=\"0\" marginheight=\"0\" scrolling=\"no\"><\/iframe><\/p>\n","protected":false},"excerpt":{"rendered":"<p>Reinhard Storz: &#8220;K\u00fcrzlich sah ich im Fernsehen einen Beitrag, in dem \u00fcber die Probleme der Feuerwehr berichtet wurde, die auftreten, wenn ein Elektroauto in Brand steht. Ein L\u00f6schen mit herk\u00f6mmlichen Mitteln ist nach Auskunft der Fachleute nicht m\u00f6glich. Die Batterie kann sich, auch nach Stunden, immer wieder entz\u00fcnden, wurde berichtet.&#8221; \u00dcberraschende Entwicklung f\u00fcr die Elektromobilit\u00e4t<\/p>\n","protected":false},"author":26,"featured_media":0,"comment_status":"closed","ping_status":"closed","sticky":false,"template":"","format":"standard","meta":{"footnotes":""},"categories":[1],"tags":[113,140,259],"class_list":["post-24274","post","type-post","status-publish","format-standard","hentry","category-allgemein","tag-brand","tag-elektro-auto","tag-elektromobilitaet"],"_links":{"self":[{"href":"http:\/\/www.vernunftkraft-hessen.de\/wordpress\/wp-json\/wp\/v2\/posts\/24274","targetHints":{"allow":["GET"]}}],"collection":[{"href":"http:\/\/www.vernunftkraft-hessen.de\/wordpress\/wp-json\/wp\/v2\/posts"}],"about":[{"href":"http:\/\/www.vernunftkraft-hessen.de\/wordpress\/wp-json\/wp\/v2\/types\/post"}],"author":[{"embeddable":true,"href":"http:\/\/www.vernunftkraft-hessen.de\/wordpress\/wp-json\/wp\/v2\/users\/26"}],"replies":[{"embeddable":true,"href":"http:\/\/www.vernunftkraft-hessen.de\/wordpress\/wp-json\/wp\/v2\/comments?post=24274"}],"version-history":[{"count":1,"href":"http:\/\/www.vernunftkraft-hessen.de\/wordpress\/wp-json\/wp\/v2\/posts\/24274\/revisions"}],"predecessor-version":[{"id":24275,"href":"http:\/\/www.vernunftkraft-hessen.de\/wordpress\/wp-json\/wp\/v2\/posts\/24274\/revisions\/24275"}],"wp:attachment":[{"href":"http:\/\/www.vernunftkraft-hessen.de\/wordpress\/wp-json\/wp\/v2\/media?parent=24274"}],"wp:term":[{"taxonomy":"category","embeddable":true,"href":"http:\/\/www.vernunftkraft-hessen.de\/wordpress\/wp-json\/wp\/v2\/categories?post=24274"},{"taxonomy":"post_tag","embeddable":true,"href":"http:\/\/www.vernunftkraft-hessen.de\/wordpress\/wp-json\/wp\/v2\/tags?post=24274"}],"curies":[{"name":"wp","href":"https:\/\/api.w.org\/{rel}","templated":true}]}}