{"id":24338,"date":"2021-03-02T23:27:15","date_gmt":"2021-03-02T22:27:15","guid":{"rendered":"http:\/\/www.vernunftkraft-hessen.de\/wordpress\/?p=24338"},"modified":"2021-03-02T23:28:20","modified_gmt":"2021-03-02T22:28:20","slug":"bau-von-windraedern-soll-verhindert-werden","status":"publish","type":"post","link":"http:\/\/www.vernunftkraft-hessen.de\/wordpress\/2021\/03\/02\/bau-von-windraedern-soll-verhindert-werden\/","title":{"rendered":"Bau von Windr\u00e4dern soll verhindert werden | mittelhessen.de"},"content":{"rendered":"<blockquote><p><span style=\"font-size: 12pt;\"><strong>In Weilburg wehren sich Bewohner gegen ein Windkraftprojekt vor ihrer Haust\u00fcr. Nun soll die Stadt daf\u00fcr sorgen, dass die Windvorrangfl\u00e4che gestrichen wird.<\/strong><\/span><\/p><\/blockquote>\n<p>Quelle: <em><a href=\"https:\/\/www.mittelhessen.de\/lokales\/limburg-weilburg\/weilburg\/bau-von-windradern-soll-verhindert-werden_23254077?fbclid=IwAR3trugnXhMreXwxlOK8jTPkJQ9afPz1VEUD4erUQ_PlPSZSfk3GiQTeFVA\">Bau von Windr\u00e4dern soll verhindert werden<\/a> | mittelhessen.de<\/em><\/p>\n","protected":false},"excerpt":{"rendered":"<p>In Weilburg wehren sich Bewohner gegen ein Windkraftprojekt vor ihrer Haust\u00fcr. Nun soll die Stadt daf\u00fcr sorgen, dass die Windvorrangfl\u00e4che gestrichen wird. Quelle: Bau von Windr\u00e4dern soll verhindert werden | mittelhessen.de<\/p>\n","protected":false},"author":26,"featured_media":0,"comment_status":"closed","ping_status":"closed","sticky":false,"template":"","format":"standard","meta":{"footnotes":""},"categories":[68],"tags":[90,63,49],"class_list":["post-24338","post","type-post","status-publish","format-standard","hentry","category-widerstand","tag-vorranggebiete","tag-widerstand","tag-zubau"],"_links":{"self":[{"href":"http:\/\/www.vernunftkraft-hessen.de\/wordpress\/wp-json\/wp\/v2\/posts\/24338","targetHints":{"allow":["GET"]}}],"collection":[{"href":"http:\/\/www.vernunftkraft-hessen.de\/wordpress\/wp-json\/wp\/v2\/posts"}],"about":[{"href":"http:\/\/www.vernunftkraft-hessen.de\/wordpress\/wp-json\/wp\/v2\/types\/post"}],"author":[{"embeddable":true,"href":"http:\/\/www.vernunftkraft-hessen.de\/wordpress\/wp-json\/wp\/v2\/users\/26"}],"replies":[{"embeddable":true,"href":"http:\/\/www.vernunftkraft-hessen.de\/wordpress\/wp-json\/wp\/v2\/comments?post=24338"}],"version-history":[{"count":2,"href":"http:\/\/www.vernunftkraft-hessen.de\/wordpress\/wp-json\/wp\/v2\/posts\/24338\/revisions"}],"predecessor-version":[{"id":24340,"href":"http:\/\/www.vernunftkraft-hessen.de\/wordpress\/wp-json\/wp\/v2\/posts\/24338\/revisions\/24340"}],"wp:attachment":[{"href":"http:\/\/www.vernunftkraft-hessen.de\/wordpress\/wp-json\/wp\/v2\/media?parent=24338"}],"wp:term":[{"taxonomy":"category","embeddable":true,"href":"http:\/\/www.vernunftkraft-hessen.de\/wordpress\/wp-json\/wp\/v2\/categories?post=24338"},{"taxonomy":"post_tag","embeddable":true,"href":"http:\/\/www.vernunftkraft-hessen.de\/wordpress\/wp-json\/wp\/v2\/tags?post=24338"}],"curies":[{"name":"wp","href":"https:\/\/api.w.org\/{rel}","templated":true}]}}