{"id":24360,"date":"2021-03-05T00:56:22","date_gmt":"2021-03-04T23:56:22","guid":{"rendered":"http:\/\/www.vernunftkraft-hessen.de\/wordpress\/?p=24360"},"modified":"2021-03-05T01:02:27","modified_gmt":"2021-03-05T00:02:27","slug":"kohle-ausstieg-der-fehlstart-wird-fuer-uniper-zum-geschaeftsmodell-welt","status":"publish","type":"post","link":"http:\/\/www.vernunftkraft-hessen.de\/wordpress\/2021\/03\/05\/kohle-ausstieg-der-fehlstart-wird-fuer-uniper-zum-geschaeftsmodell-welt\/","title":{"rendered":"Kohle-Ausstieg: Der Fehlstart wird f\u00fcr Uniper zum Gesch\u00e4ftsmodell &#8211; WELT"},"content":{"rendered":"<blockquote><p><img loading=\"lazy\" decoding=\"async\" class=\"alignright\" title=\"\" src=\"https:\/\/www.gegenwind-bad-orb.de\/s\/cc_images\/cache_2465366042.jpg?t=1466084256\" alt=\"\" width=\"237\" height=\"128\" \/><span style=\"font-size: 12pt;\"><strong>Die j\u00fcngste Abschaltung von elf Steinkohlekraftwerken erweist sich als verfr\u00fcht. Ein Gro\u00dfkraftwerk musste seit Jahresbeginn schon sechsmal wieder zur\u00fcck ans Netz geholt werden. F\u00fcr Betreiber Uniper wird Versorgungssicherheit zum Gesch\u00e4ftsmodell.<\/strong><\/span><\/p><\/blockquote>\n<p>Weiterlesen: <em><a href=\"https:\/\/www.welt.de\/wirtschaft\/article227601671\/Kohle-Ausstieg-Der-Fehlstart-wird-fuer-Uniper-zum-Geschaeftsmodell.html?cid=socialmedia.email.sharebutton\" target=\"_blank\" rel=\"noopener noreferrer\">Kohle-Ausstieg: Der Fehlstart wird f\u00fcr Uniper zum Gesch\u00e4ftsmodell &#8211; WELT<\/a><\/em><\/p>\n","protected":false},"excerpt":{"rendered":"<p>Die j\u00fcngste Abschaltung von elf Steinkohlekraftwerken erweist sich als verfr\u00fcht. Ein Gro\u00dfkraftwerk musste seit Jahresbeginn schon sechsmal wieder zur\u00fcck ans Netz geholt werden. F\u00fcr Betreiber Uniper wird Versorgungssicherheit zum Gesch\u00e4ftsmodell. Weiterlesen: Kohle-Ausstieg: Der Fehlstart wird f\u00fcr Uniper zum Gesch\u00e4ftsmodell &#8211; WELT<\/p>\n","protected":false},"author":26,"featured_media":0,"comment_status":"closed","ping_status":"closed","sticky":false,"template":"","format":"standard","meta":{"footnotes":""},"categories":[222],"tags":[17,293,276,36,250],"class_list":["post-24360","post","type-post","status-publish","format-standard","hentry","category-energiepolitik","tag-energiewende","tag-kohleausstieg","tag-kohlekraftwerke","tag-stromversorgung","tag-versorgungssicherheit"],"_links":{"self":[{"href":"http:\/\/www.vernunftkraft-hessen.de\/wordpress\/wp-json\/wp\/v2\/posts\/24360","targetHints":{"allow":["GET"]}}],"collection":[{"href":"http:\/\/www.vernunftkraft-hessen.de\/wordpress\/wp-json\/wp\/v2\/posts"}],"about":[{"href":"http:\/\/www.vernunftkraft-hessen.de\/wordpress\/wp-json\/wp\/v2\/types\/post"}],"author":[{"embeddable":true,"href":"http:\/\/www.vernunftkraft-hessen.de\/wordpress\/wp-json\/wp\/v2\/users\/26"}],"replies":[{"embeddable":true,"href":"http:\/\/www.vernunftkraft-hessen.de\/wordpress\/wp-json\/wp\/v2\/comments?post=24360"}],"version-history":[{"count":3,"href":"http:\/\/www.vernunftkraft-hessen.de\/wordpress\/wp-json\/wp\/v2\/posts\/24360\/revisions"}],"predecessor-version":[{"id":24363,"href":"http:\/\/www.vernunftkraft-hessen.de\/wordpress\/wp-json\/wp\/v2\/posts\/24360\/revisions\/24363"}],"wp:attachment":[{"href":"http:\/\/www.vernunftkraft-hessen.de\/wordpress\/wp-json\/wp\/v2\/media?parent=24360"}],"wp:term":[{"taxonomy":"category","embeddable":true,"href":"http:\/\/www.vernunftkraft-hessen.de\/wordpress\/wp-json\/wp\/v2\/categories?post=24360"},{"taxonomy":"post_tag","embeddable":true,"href":"http:\/\/www.vernunftkraft-hessen.de\/wordpress\/wp-json\/wp\/v2\/tags?post=24360"}],"curies":[{"name":"wp","href":"https:\/\/api.w.org\/{rel}","templated":true}]}}