{"id":24515,"date":"2021-03-16T00:26:02","date_gmt":"2021-03-15T23:26:02","guid":{"rendered":"http:\/\/www.vernunftkraft-hessen.de\/wordpress\/?p=24515"},"modified":"2021-03-16T00:38:39","modified_gmt":"2021-03-15T23:38:39","slug":"schwarzer-wein-in-gruenen-schlaeuchen-rotherbaron","status":"publish","type":"post","link":"http:\/\/www.vernunftkraft-hessen.de\/wordpress\/2021\/03\/16\/schwarzer-wein-in-gruenen-schlaeuchen-rotherbaron\/","title":{"rendered":"Schwarzer Wein in gr\u00fcnen Schl\u00e4uchen \u2013 rotherbaron"},"content":{"rendered":"<p><span style=\"font-size: 14pt;\"><strong><img loading=\"lazy\" decoding=\"async\" class=\"alignright\" title=\"\" src=\"https:\/\/rotherbaron.files.wordpress.com\/2021\/03\/hexenmaske-latexmaske-hexe-maske-gruen-halbmaske-halloweenmaske-126050013-1.jpg\" alt=\"\" width=\"100\" height=\"126\" \/>Ein Kommentar zu den Landtagswahlen in Baden-W\u00fcrttemberg und Rheinland-Pfalz <\/strong><span style=\"font-size: 12pt;\">(Anmerkung: Auch zutreffend f\u00fcr die hessischen Kommunalwahlen)<\/span><\/span><\/p>\n<p>Leseprobe:<\/p>\n<p><!--more--><strong><em>[&#8230;Habe ich gerade \u201egr\u00fcne Ziele\u201c gesagt? Sorry, da bin wohl auch ich der Gr\u00fcnen-Propaganda auf den Leim gegangen. Denn nat\u00fcrlich sind die Gr\u00fcnen-Ziele in Wahrheit alles andere als gr\u00fcn.<\/em><\/strong><br \/>\n<strong><em>Mittlerweile sind wir ja schon so weit, dass wir die Natur vor den Gr\u00fcnen sch\u00fctzen m\u00fcssen. Besonders deutlich wird dies in Hessen, wo Priska Hinz und Tarek Al-Wazir (Ministerien f\u00fcr Umwelt bzw. Wirtschaft) praktisch vorf\u00fchren, was unter der \u201eVers\u00f6hnung von \u00d6kologie und \u00d6konomie\u201c konkret zu verstehen ist. Per Verwaltungsvorschrift wollten sie den Vorrang der Windkrafterzeugung vor dem Artenschutz festlegen lassen. &#8230;]<\/em><\/strong><\/p>\n<p><strong><em>[&#8230;Letztlich geht es bei der F\u00f6rderung der Windenergie eben nicht um eine \u201eVers\u00f6hnung von \u00d6kologie und \u00d6konomie\u201c, sondern um die Durchsetzung wirtschaftlicher Interessen mit dem erpresserischen Verweis auf die angeblich nur so m\u00f6gliche Rettung des Klimas, der Menschheit, der Welt, unserer Galaxie, des Universums \u2026<\/em><\/strong><br \/>\n<strong><em>Die F\u00f6rderung von Windkraftanlagen folgt somit ganz jener Wachstumslogik, die uns erst in unsere derzeitige desastr\u00f6se Lage gebracht hat. Die Alternative zu dieser Logik hei\u00dft deshalb nicht \u201eanderes\u201c Wachstum, sondern: Suffizienz! Abkehr von der Wachstumsspirale, stattdessen schonender, sparsamerer Umgang mit den Ressourcen. &#8230;]<\/em><\/strong><\/p>\n<p>Alles lesen: <em><a href=\"https:\/\/rotherbaron.com\/2021\/03\/15\/schwarzer-wein-in-grunen-schlauchen\/?fbclid=IwAR2PTucJfaRXIuIbUeZPV99V3Ki5u8jKFzHZ0P0QYw4eK_BL9_L2O6Kapbg#kampf\" target=\"_blank\" rel=\"noopener noreferrer\">Schwarzer Wein in gr\u00fcnen Schl\u00e4uchen \u2013 rotherbaron<\/a><\/em><\/p>\n","protected":false},"excerpt":{"rendered":"<p>Ein Kommentar zu den Landtagswahlen in Baden-W\u00fcrttemberg und Rheinland-Pfalz (Anmerkung: Auch zutreffend f\u00fcr die hessischen Kommunalwahlen) Leseprobe:<\/p>\n","protected":false},"author":26,"featured_media":0,"comment_status":"closed","ping_status":"closed","sticky":false,"template":"","format":"standard","meta":{"footnotes":""},"categories":[1],"tags":[29,6,161],"class_list":["post-24515","post","type-post","status-publish","format-standard","hentry","category-allgemein","tag-parteien","tag-politik","tag-wahlen"],"_links":{"self":[{"href":"http:\/\/www.vernunftkraft-hessen.de\/wordpress\/wp-json\/wp\/v2\/posts\/24515","targetHints":{"allow":["GET"]}}],"collection":[{"href":"http:\/\/www.vernunftkraft-hessen.de\/wordpress\/wp-json\/wp\/v2\/posts"}],"about":[{"href":"http:\/\/www.vernunftkraft-hessen.de\/wordpress\/wp-json\/wp\/v2\/types\/post"}],"author":[{"embeddable":true,"href":"http:\/\/www.vernunftkraft-hessen.de\/wordpress\/wp-json\/wp\/v2\/users\/26"}],"replies":[{"embeddable":true,"href":"http:\/\/www.vernunftkraft-hessen.de\/wordpress\/wp-json\/wp\/v2\/comments?post=24515"}],"version-history":[{"count":4,"href":"http:\/\/www.vernunftkraft-hessen.de\/wordpress\/wp-json\/wp\/v2\/posts\/24515\/revisions"}],"predecessor-version":[{"id":24519,"href":"http:\/\/www.vernunftkraft-hessen.de\/wordpress\/wp-json\/wp\/v2\/posts\/24515\/revisions\/24519"}],"wp:attachment":[{"href":"http:\/\/www.vernunftkraft-hessen.de\/wordpress\/wp-json\/wp\/v2\/media?parent=24515"}],"wp:term":[{"taxonomy":"category","embeddable":true,"href":"http:\/\/www.vernunftkraft-hessen.de\/wordpress\/wp-json\/wp\/v2\/categories?post=24515"},{"taxonomy":"post_tag","embeddable":true,"href":"http:\/\/www.vernunftkraft-hessen.de\/wordpress\/wp-json\/wp\/v2\/tags?post=24515"}],"curies":[{"name":"wp","href":"https:\/\/api.w.org\/{rel}","templated":true}]}}