{"id":24643,"date":"2021-03-28T22:34:17","date_gmt":"2021-03-28T20:34:17","guid":{"rendered":"http:\/\/www.vernunftkraft-hessen.de\/wordpress\/?p=24643"},"modified":"2021-03-28T22:34:53","modified_gmt":"2021-03-28T20:34:53","slug":"arte-windraeder-energie-der-zukunft-oder-gefahrenquelle","status":"publish","type":"post","link":"http:\/\/www.vernunftkraft-hessen.de\/wordpress\/2021\/03\/28\/arte-windraeder-energie-der-zukunft-oder-gefahrenquelle\/","title":{"rendered":"Arte: Windr\u00e4der &#8211; Energie der Zukunft oder Gefahrenquelle?"},"content":{"rendered":"<p>Verf\u00fcgbar vom 16\/02\/2021 bis 16\/05\/2021<\/p>\n<p><img loading=\"lazy\" decoding=\"async\" class=\"alignright\" title=\"\" src=\"https:\/\/1.bp.blogspot.com\/-E1u9VeIciWc\/YF-s_qf5GkI\/AAAAAAAAIuI\/imOd6tT-ZXcwUH8Imr5vyKhB3xDnYLjIQCLcBGAsYHQ\/w400-h249\/Arte-Film.jpg\" alt=\"\" width=\"312\" height=\"194\" \/><em><strong>F\u00fcr Flederm\u00e4use k\u00f6nnen Windr\u00e4der zu t\u00f6dlichen Fallen werden. An manchen Standorten kommen j\u00e4hrlich bis zu 40 Tiere ums Leben. In der Wissenschaft wird an M\u00f6glichkeiten get\u00fcftelt, gr\u00fcne Energie zu gewinnen und trotzdem Tiere und Mensch zu sch\u00fctzen. Doch wann f\u00fchlen sich Menschen von Windr\u00e4dern gest\u00f6rt, wann nicht?<\/strong><\/em><\/p>\n<p><a href=\"https:\/\/www.arte.tv\/de\/videos\/093002-030-A\/xenius-windraeder\/\" target=\"_blank\" rel=\"noopener noreferrer\">Hier das Video abrufen<\/a><\/p>\n<p>Im Film von ARTE, in dem die Windindustrie im s\u00fcdlichen Raum Paderborn erkl\u00e4rt wird, Borchen, Lichtenau, Etteln.<\/p>\n<p><a href=\"https:\/\/vernunftkraft-nrw.blogspot.com\/2021\/03\/xenius-windrader-energie-der-zukunft.html\" target=\"_blank\" rel=\"noopener noreferrer\">Zuerst erschienen bei Vernunftkraft NRW<\/a><\/p>\n","protected":false},"excerpt":{"rendered":"<p>Verf\u00fcgbar vom 16\/02\/2021 bis 16\/05\/2021 F\u00fcr Flederm\u00e4use k\u00f6nnen Windr\u00e4der zu t\u00f6dlichen Fallen werden. An manchen Standorten kommen j\u00e4hrlich bis zu 40 Tiere ums Leben. In der Wissenschaft wird an M\u00f6glichkeiten get\u00fcftelt, gr\u00fcne Energie zu gewinnen und trotzdem Tiere und Mensch zu sch\u00fctzen. Doch wann f\u00fchlen sich Menschen von Windr\u00e4dern gest\u00f6rt, wann nicht? Hier das Video &hellip; <a href=\"http:\/\/www.vernunftkraft-hessen.de\/wordpress\/2021\/03\/28\/arte-windraeder-energie-der-zukunft-oder-gefahrenquelle\/\" class=\"more-link\"><span class=\"screen-reader-text\">\u201eArte: Windr\u00e4der &#8211; Energie der Zukunft oder Gefahrenquelle?\u201c<\/span> weiterlesen<\/a><\/p>\n","protected":false},"author":26,"featured_media":0,"comment_status":"closed","ping_status":"closed","sticky":false,"template":"","format":"standard","meta":{"footnotes":""},"categories":[1],"tags":[81,21,76,34,154,163],"class_list":["post-24643","post","type-post","status-publish","format-standard","hentry","category-allgemein","tag-artenschutz","tag-gesundheit","tag-landschaft","tag-natur","tag-tv-bericht","tag-video"],"_links":{"self":[{"href":"http:\/\/www.vernunftkraft-hessen.de\/wordpress\/wp-json\/wp\/v2\/posts\/24643","targetHints":{"allow":["GET"]}}],"collection":[{"href":"http:\/\/www.vernunftkraft-hessen.de\/wordpress\/wp-json\/wp\/v2\/posts"}],"about":[{"href":"http:\/\/www.vernunftkraft-hessen.de\/wordpress\/wp-json\/wp\/v2\/types\/post"}],"author":[{"embeddable":true,"href":"http:\/\/www.vernunftkraft-hessen.de\/wordpress\/wp-json\/wp\/v2\/users\/26"}],"replies":[{"embeddable":true,"href":"http:\/\/www.vernunftkraft-hessen.de\/wordpress\/wp-json\/wp\/v2\/comments?post=24643"}],"version-history":[{"count":2,"href":"http:\/\/www.vernunftkraft-hessen.de\/wordpress\/wp-json\/wp\/v2\/posts\/24643\/revisions"}],"predecessor-version":[{"id":24645,"href":"http:\/\/www.vernunftkraft-hessen.de\/wordpress\/wp-json\/wp\/v2\/posts\/24643\/revisions\/24645"}],"wp:attachment":[{"href":"http:\/\/www.vernunftkraft-hessen.de\/wordpress\/wp-json\/wp\/v2\/media?parent=24643"}],"wp:term":[{"taxonomy":"category","embeddable":true,"href":"http:\/\/www.vernunftkraft-hessen.de\/wordpress\/wp-json\/wp\/v2\/categories?post=24643"},{"taxonomy":"post_tag","embeddable":true,"href":"http:\/\/www.vernunftkraft-hessen.de\/wordpress\/wp-json\/wp\/v2\/tags?post=24643"}],"curies":[{"name":"wp","href":"https:\/\/api.w.org\/{rel}","templated":true}]}}