{"id":25316,"date":"2021-05-07T21:20:24","date_gmt":"2021-05-07T19:20:24","guid":{"rendered":"http:\/\/www.vernunftkraft-hessen.de\/wordpress\/?p=25316"},"modified":"2021-05-09T00:48:28","modified_gmt":"2021-05-08T22:48:28","slug":"baerbock-deutschland-braucht-massiven-ausbau-erneuerbarer-energien","status":"publish","type":"post","link":"http:\/\/www.vernunftkraft-hessen.de\/wordpress\/2021\/05\/07\/baerbock-deutschland-braucht-massiven-ausbau-erneuerbarer-energien\/","title":{"rendered":"Baerbock: Deutschland braucht massiven Ausbau erneuerbarer Energien | FAZ"},"content":{"rendered":"<blockquote><p><span style=\"font-size: 12pt;\"><strong>Die Gr\u00fcnen-Kanzlerkandidatin Annalena Baerbock hat angemahnt, den von der Bundesregierung angek\u00fcndigten h\u00f6heren Klimazielen jetzt Taten folgen zu lassen. \u201eGute Politik bemisst sich nicht an Papier und abstrakten Zielen, sondern an der Realit\u00e4t und konkreten Ma\u00dfnahmen\u201c, sagte Baerbock am Freitag der Deutschen Presse-Agentur. Es sei nun n\u00f6tig, den CO2-Preis \u201emit echter klimapolitischer Lenkungswirkung\u201c auf den Weg zu bringen, den Kohleausstieg bis 2030 umzusetzen und den Ausbau erneuerbarer Energien zu beschleunigen. Ohne einen massiven Ausbau erneuerbarer Energien seien Klimaziele \u201enichts\u201c.<\/strong><\/span><\/p><\/blockquote>\n<p><!--more--><\/p>\n<p>Weiterlesen: <em><a href=\"https:\/\/www.faz.net\/aktuell\/wirtschaft\/baerbock-deutschland-braucht-massiven-ausbau-erneuerbarer-energien-17330000.html?GEPC=s2&amp;fbclid=IwAR3AXbv3XNy1txSvn8X0LpApTznL_MU4asaJqiaJW_ZBudkLY8JvgqEdwpU\" target=\"_blank\" rel=\"noopener noreferrer\">Baerbock: Deutschland braucht massiven Ausbau erneuerbarer Energien<\/a> | FAZ<\/em><\/p>\n<blockquote class=\"twitter-tweet\">\n<p dir=\"ltr\" lang=\"de\">Wer das Klima sch\u00fctzt, sch\u00fctzt die Freiheit. <a href=\"https:\/\/twitter.com\/hashtag\/Klimaschutz?src=hash&amp;ref_src=twsrc%5Etfw\">#Klimaschutz<\/a> ist nicht einfach nur Umweltpolitik. Es geht ums Ganze. <a href=\"https:\/\/twitter.com\/hashtag\/ErneuerbareEnergien?src=hash&amp;ref_src=twsrc%5Etfw\">#ErneuerbareEnergien<\/a> m\u00fcssen schneller ausgebaut werden. Und wir brauchen eine Politik, die Klimaschutz zum Kern jedes politischen Handelns macht. <a href=\"https:\/\/twitter.com\/hashtag\/KlimaschutzIstJetzt?src=hash&amp;ref_src=twsrc%5Etfw\">#KlimaschutzIstJetzt<\/a> <a href=\"https:\/\/t.co\/7SmhzShdHO\">pic.twitter.com\/7SmhzShdHO<\/a><\/p>\n<p>\u2014 Annalena Baerbock (@ABaerbock) <a href=\"https:\/\/twitter.com\/ABaerbock\/status\/1390674430251122692?ref_src=twsrc%5Etfw\">May 7, 2021<\/a><\/p><\/blockquote>\n<p><script async src=\"https:\/\/platform.twitter.com\/widgets.js\" charset=\"utf-8\"><\/script><\/p>\n","protected":false},"excerpt":{"rendered":"<p>Die Gr\u00fcnen-Kanzlerkandidatin Annalena Baerbock hat angemahnt, den von der Bundesregierung angek\u00fcndigten h\u00f6heren Klimazielen jetzt Taten folgen zu lassen. \u201eGute Politik bemisst sich nicht an Papier und abstrakten Zielen, sondern an der Realit\u00e4t und konkreten Ma\u00dfnahmen\u201c, sagte Baerbock am Freitag der Deutschen Presse-Agentur. Es sei nun n\u00f6tig, den CO2-Preis \u201emit echter klimapolitischer Lenkungswirkung\u201c auf den Weg &hellip; <a href=\"http:\/\/www.vernunftkraft-hessen.de\/wordpress\/2021\/05\/07\/baerbock-deutschland-braucht-massiven-ausbau-erneuerbarer-energien\/\" class=\"more-link\"><span class=\"screen-reader-text\">\u201eBaerbock: Deutschland braucht massiven Ausbau erneuerbarer Energien | FAZ\u201c<\/span> weiterlesen<\/a><\/p>\n","protected":false},"author":26,"featured_media":0,"comment_status":"closed","ping_status":"closed","sticky":false,"template":"","format":"standard","meta":{"footnotes":""},"categories":[457],"tags":[175,299,29,49],"class_list":["post-25316","post","type-post","status-publish","format-standard","hentry","category-klimapolitik","tag-energiepolitik","tag-klimapolitik","tag-parteien","tag-zubau"],"_links":{"self":[{"href":"http:\/\/www.vernunftkraft-hessen.de\/wordpress\/wp-json\/wp\/v2\/posts\/25316","targetHints":{"allow":["GET"]}}],"collection":[{"href":"http:\/\/www.vernunftkraft-hessen.de\/wordpress\/wp-json\/wp\/v2\/posts"}],"about":[{"href":"http:\/\/www.vernunftkraft-hessen.de\/wordpress\/wp-json\/wp\/v2\/types\/post"}],"author":[{"embeddable":true,"href":"http:\/\/www.vernunftkraft-hessen.de\/wordpress\/wp-json\/wp\/v2\/users\/26"}],"replies":[{"embeddable":true,"href":"http:\/\/www.vernunftkraft-hessen.de\/wordpress\/wp-json\/wp\/v2\/comments?post=25316"}],"version-history":[{"count":4,"href":"http:\/\/www.vernunftkraft-hessen.de\/wordpress\/wp-json\/wp\/v2\/posts\/25316\/revisions"}],"predecessor-version":[{"id":25332,"href":"http:\/\/www.vernunftkraft-hessen.de\/wordpress\/wp-json\/wp\/v2\/posts\/25316\/revisions\/25332"}],"wp:attachment":[{"href":"http:\/\/www.vernunftkraft-hessen.de\/wordpress\/wp-json\/wp\/v2\/media?parent=25316"}],"wp:term":[{"taxonomy":"category","embeddable":true,"href":"http:\/\/www.vernunftkraft-hessen.de\/wordpress\/wp-json\/wp\/v2\/categories?post=25316"},{"taxonomy":"post_tag","embeddable":true,"href":"http:\/\/www.vernunftkraft-hessen.de\/wordpress\/wp-json\/wp\/v2\/tags?post=25316"}],"curies":[{"name":"wp","href":"https:\/\/api.w.org\/{rel}","templated":true}]}}