{"id":25320,"date":"2021-05-07T21:39:15","date_gmt":"2021-05-07T19:39:15","guid":{"rendered":"http:\/\/www.vernunftkraft-hessen.de\/wordpress\/?p=25320"},"modified":"2021-05-14T22:34:52","modified_gmt":"2021-05-14T20:34:52","slug":"swr-infraschall-durch-windkraftanlagen-belastet-viele-menschen","status":"publish","type":"post","link":"http:\/\/www.vernunftkraft-hessen.de\/wordpress\/2021\/05\/07\/swr-infraschall-durch-windkraftanlagen-belastet-viele-menschen\/","title":{"rendered":"SWR: Infraschall durch Windkraftanlagen belastet viele Menschen"},"content":{"rendered":"<div class=\"SublineWrapper-epbftj-9 hDbDPy\">\n<div class=\"Line-epbftj-1 dgMIUj\">06.05.2021 \u2219 <a href=\"https:\/\/www.ardmediathek.de\/video\/swr-aktuell-rheinland-pfalz\/infraschall-durch-windkraftanlagen-belastet-viele-menschen\/swr-rheinland-pfalz\/Y3JpZDovL3N3ci5kZS9hZXgvbzE0NTgwMjE\/?fbclid=IwAR2DnE1SDotNvZ9KynY2pIrYKFw2UTHsB0XclbuV8t_Q4QrQL-MjcEPopMY\" target=\"_blank\" rel=\"noopener noreferrer\">SWR Aktuell Rheinland-Pfalz <\/a><\/div>\n<div class=\"LabelWrapper-epbftj-2 gUXXcJ\"><\/div>\n<\/div>\n<p><strong>Die neue Ampel-Koalition hat den Ausbau der Windenergie in den Koalitionsvertrag geschrieben. Es gibt aber auch Widerstand gegen den geplanten Ausbau in Teilen des Pf\u00e4lzerwaldes. Und es gibt Menschen, die unter Infraschall leiden.<\/strong><\/p>\n<p><iframe loading=\"lazy\" src=\"https:\/\/www.ardmediathek.de\/embed\/Y3JpZDovL3N3ci5kZS9hZXgvbzE0NTgwMjE\" width=\"640\" height=\"420\" frameborder=\"0\" scrolling=\"no\" allowfullscreen=\"allowfullscreen\"><\/iframe><\/p>\n<p>Kommentar von Prof. Dr. Christian Vahl im \u00c4rzteblatt:<br \/>\n<a href=\"https:\/\/www.aerzteblatt.de\/forum\/142138?fbclid=IwAR0r9i-AGalPt0T71BV_sPZYkPcaLFzfz6qRWtEcReZRJFeWmb-M2vS4H38\" target=\"_blank\" rel=\"noopener noreferrer\"><em>Infraschall von Windr\u00e4dern gef\u00e4hrlicher als bisher gedacht<\/em><\/a><\/p>\n","protected":false},"excerpt":{"rendered":"<p>06.05.2021 \u2219 SWR Aktuell Rheinland-Pfalz Die neue Ampel-Koalition hat den Ausbau der Windenergie in den Koalitionsvertrag geschrieben. Es gibt aber auch Widerstand gegen den geplanten Ausbau in Teilen des Pf\u00e4lzerwaldes. Und es gibt Menschen, die unter Infraschall leiden. Kommentar von Prof. Dr. Christian Vahl im \u00c4rzteblatt: Infraschall von Windr\u00e4dern gef\u00e4hrlicher als bisher gedacht<\/p>\n","protected":false},"author":26,"featured_media":0,"comment_status":"closed","ping_status":"closed","sticky":false,"template":"","format":"standard","meta":{"footnotes":""},"categories":[64],"tags":[175,21,45,29,6,186,163,49],"class_list":["post-25320","post","type-post","status-publish","format-standard","hentry","category-gesundheit","tag-energiepolitik","tag-gesundheit","tag-infraschall","tag-parteien","tag-politik","tag-schall","tag-video","tag-zubau"],"_links":{"self":[{"href":"http:\/\/www.vernunftkraft-hessen.de\/wordpress\/wp-json\/wp\/v2\/posts\/25320","targetHints":{"allow":["GET"]}}],"collection":[{"href":"http:\/\/www.vernunftkraft-hessen.de\/wordpress\/wp-json\/wp\/v2\/posts"}],"about":[{"href":"http:\/\/www.vernunftkraft-hessen.de\/wordpress\/wp-json\/wp\/v2\/types\/post"}],"author":[{"embeddable":true,"href":"http:\/\/www.vernunftkraft-hessen.de\/wordpress\/wp-json\/wp\/v2\/users\/26"}],"replies":[{"embeddable":true,"href":"http:\/\/www.vernunftkraft-hessen.de\/wordpress\/wp-json\/wp\/v2\/comments?post=25320"}],"version-history":[{"count":4,"href":"http:\/\/www.vernunftkraft-hessen.de\/wordpress\/wp-json\/wp\/v2\/posts\/25320\/revisions"}],"predecessor-version":[{"id":25423,"href":"http:\/\/www.vernunftkraft-hessen.de\/wordpress\/wp-json\/wp\/v2\/posts\/25320\/revisions\/25423"}],"wp:attachment":[{"href":"http:\/\/www.vernunftkraft-hessen.de\/wordpress\/wp-json\/wp\/v2\/media?parent=25320"}],"wp:term":[{"taxonomy":"category","embeddable":true,"href":"http:\/\/www.vernunftkraft-hessen.de\/wordpress\/wp-json\/wp\/v2\/categories?post=25320"},{"taxonomy":"post_tag","embeddable":true,"href":"http:\/\/www.vernunftkraft-hessen.de\/wordpress\/wp-json\/wp\/v2\/tags?post=25320"}],"curies":[{"name":"wp","href":"https:\/\/api.w.org\/{rel}","templated":true}]}}