{"id":25402,"date":"2021-05-13T21:27:19","date_gmt":"2021-05-13T19:27:19","guid":{"rendered":"http:\/\/www.vernunftkraft-hessen.de\/wordpress\/?p=25402"},"modified":"2021-05-14T01:46:52","modified_gmt":"2021-05-13T23:46:52","slug":"gruene-in-bayern-drohen-mit-volksbegehren-soeder-will-10-h-beibehalten","status":"publish","type":"post","link":"http:\/\/www.vernunftkraft-hessen.de\/wordpress\/2021\/05\/13\/gruene-in-bayern-drohen-mit-volksbegehren-soeder-will-10-h-beibehalten\/","title":{"rendered":"Gr\u00fcne in Bayern drohen mit Volksbegehren  | S\u00f6der will 10-H beibehalten"},"content":{"rendered":"<p><span style=\"font-size: 12pt;\"><strong>(&#8230;) Ein B\u00fcndnis aus Klimasch\u00fctzern will die Staatsregierung notfalls mithilfe der Bev\u00f6lkerung zu einem strengeren Klimaschutzgesetz zwingen. \u00abWenn die S\u00f6der-Regierung auch nach dem Urteil des Bundesverfassungsgerichts nicht handelt, stehen wir in einem breiten B\u00fcndnis mit Fridays for Future, Bund Naturschutz, LBV, SPD und \u00d6DP bereit, den Weg \u00fcber ein Klimaschutz-Volksbegehren zu gehen\u00bb, k\u00fcndigte der Gr\u00fcnen-Landtagsfraktionschef Ludwig Hartmann in der \u00abAugsburger Allgemeinen\u00bb (Mittwoch) an. (&#8230;)<\/strong><\/span><\/p>\n<p>Alles lesen: <a href=\"https:\/\/www.marktspiegel.de\/nuernberg\/c-panorama\/soeder-will-abstandsnorm-fuer-windraeder-beibehalten_a70397?fbclid=IwAR0zy4eS5-bc4arnuH3Q5MrnoWRT-pITrhno5USXrKHiqH94Q_1Kpltn_Jk\" target=\"_blank\" rel=\"noopener noreferrer\">Marktspiegel.de<\/a><\/p>\n<blockquote>\n<pre>Dieser zentralistisch Grundzug im Denken tr\u00e4gt entscheidend zu all diesen Vorg\u00e4ngen bei. Ein Parlament, ein Volksentscheid, Beh\u00f6rden, Regierungen, wer und wie auch immer, beschlie\u00dfen etwas und dann hat das gef\u00e4lligst f\u00fcr das entsprechende Gebiet auf entsprechender Ebene zu gelten und basta.....von \u00f6rtlicher Selbstbestimmung ist bei den ach so basisdemokratischen Gr\u00fcnen undsofort nichts mehr \u00fcbrig.<\/pre>\n<\/blockquote>\n","protected":false},"excerpt":{"rendered":"<p>(&#8230;) Ein B\u00fcndnis aus Klimasch\u00fctzern will die Staatsregierung notfalls mithilfe der Bev\u00f6lkerung zu einem strengeren Klimaschutzgesetz zwingen. \u00abWenn die S\u00f6der-Regierung auch nach dem Urteil des Bundesverfassungsgerichts nicht handelt, stehen wir in einem breiten B\u00fcndnis mit Fridays for Future, Bund Naturschutz, LBV, SPD und \u00d6DP bereit, den Weg \u00fcber ein Klimaschutz-Volksbegehren zu gehen\u00bb, k\u00fcndigte der Gr\u00fcnen-Landtagsfraktionschef &hellip; <a href=\"http:\/\/www.vernunftkraft-hessen.de\/wordpress\/2021\/05\/13\/gruene-in-bayern-drohen-mit-volksbegehren-soeder-will-10-h-beibehalten\/\" class=\"more-link\"><span class=\"screen-reader-text\">\u201eGr\u00fcne in Bayern drohen mit Volksbegehren  | S\u00f6der will 10-H beibehalten\u201c<\/span> weiterlesen<\/a><\/p>\n","protected":false},"author":26,"featured_media":0,"comment_status":"closed","ping_status":"closed","sticky":false,"template":"","format":"standard","meta":{"footnotes":""},"categories":[64],"tags":[109,349,29,6],"class_list":["post-25402","post","type-post","status-publish","format-standard","hentry","category-gesundheit","tag-10-h-regelung","tag-bundeslaender","tag-parteien","tag-politik"],"_links":{"self":[{"href":"http:\/\/www.vernunftkraft-hessen.de\/wordpress\/wp-json\/wp\/v2\/posts\/25402","targetHints":{"allow":["GET"]}}],"collection":[{"href":"http:\/\/www.vernunftkraft-hessen.de\/wordpress\/wp-json\/wp\/v2\/posts"}],"about":[{"href":"http:\/\/www.vernunftkraft-hessen.de\/wordpress\/wp-json\/wp\/v2\/types\/post"}],"author":[{"embeddable":true,"href":"http:\/\/www.vernunftkraft-hessen.de\/wordpress\/wp-json\/wp\/v2\/users\/26"}],"replies":[{"embeddable":true,"href":"http:\/\/www.vernunftkraft-hessen.de\/wordpress\/wp-json\/wp\/v2\/comments?post=25402"}],"version-history":[{"count":1,"href":"http:\/\/www.vernunftkraft-hessen.de\/wordpress\/wp-json\/wp\/v2\/posts\/25402\/revisions"}],"predecessor-version":[{"id":25403,"href":"http:\/\/www.vernunftkraft-hessen.de\/wordpress\/wp-json\/wp\/v2\/posts\/25402\/revisions\/25403"}],"wp:attachment":[{"href":"http:\/\/www.vernunftkraft-hessen.de\/wordpress\/wp-json\/wp\/v2\/media?parent=25402"}],"wp:term":[{"taxonomy":"category","embeddable":true,"href":"http:\/\/www.vernunftkraft-hessen.de\/wordpress\/wp-json\/wp\/v2\/categories?post=25402"},{"taxonomy":"post_tag","embeddable":true,"href":"http:\/\/www.vernunftkraft-hessen.de\/wordpress\/wp-json\/wp\/v2\/tags?post=25402"}],"curies":[{"name":"wp","href":"https:\/\/api.w.org\/{rel}","templated":true}]}}