{"id":26040,"date":"2021-06-16T01:50:35","date_gmt":"2021-06-15T23:50:35","guid":{"rendered":"http:\/\/www.vernunftkraft-hessen.de\/wordpress\/?p=26040"},"modified":"2021-06-16T01:53:10","modified_gmt":"2021-06-15T23:53:10","slug":"volkswagen-macht-aus-einer-griechischen-insel-eine-e-kolonie","status":"publish","type":"post","link":"http:\/\/www.vernunftkraft-hessen.de\/wordpress\/2021\/06\/16\/volkswagen-macht-aus-einer-griechischen-insel-eine-e-kolonie\/","title":{"rendered":"Volkswagen macht aus einer griechischen Insel eine E-Kolonie"},"content":{"rendered":"<h6>Volkswagen hat eine Insel in der \u00c4g\u00e4is auserkoren als Vorzeige-Objekt der Elektromobilit\u00e4t.<\/h6>\n<blockquote class=\"wp-embedded-content\" data-secret=\"kcmLtmWPnt\"><p><a href=\"https:\/\/www.tichyseinblick.de\/kolumnen\/alexander-wallasch-heute\/astypalea-volkswagen\/\">Volkswagen macht aus einer griechischen Insel eine E-Kolonie<\/a><\/p><\/blockquote>\n<p><iframe loading=\"lazy\" class=\"wp-embedded-content\" sandbox=\"allow-scripts\" security=\"restricted\" style=\"position: absolute; clip: rect(1px, 1px, 1px, 1px);\" src=\"https:\/\/www.tichyseinblick.de\/kolumnen\/alexander-wallasch-heute\/astypalea-volkswagen\/embed\/#?secret=kcmLtmWPnt\" data-secret=\"kcmLtmWPnt\" width=\"600\" height=\"338\" title=\"&#8222;Volkswagen macht aus einer griechischen Insel eine E-Kolonie&#8220; &#8212; Tichys Einblick\" frameborder=\"0\" marginwidth=\"0\" marginheight=\"0\" scrolling=\"no\"><\/iframe><\/p>\n<p>Weiterlesen: <em><a href=\"https:\/\/www.tichyseinblick.de\/kolumnen\/alexander-wallasch-heute\/astypalea-volkswagen\/?fbclid=IwAR0amMqT0CY6Oi6gbZl8c1yfC4hn0dS1qCwABjvvSmjab-AN79IiIhJvydY\" target=\"_blank\" rel=\"noopener noreferrer\">Volkswagen macht aus einer griechischen Insel eine E-Kolonie<\/a> | TE<\/em><\/p>\n","protected":false},"excerpt":{"rendered":"<p>Volkswagen hat eine Insel in der \u00c4g\u00e4is auserkoren als Vorzeige-Objekt der Elektromobilit\u00e4t. Volkswagen macht aus einer griechischen Insel eine E-Kolonie Weiterlesen: Volkswagen macht aus einer griechischen Insel eine E-Kolonie | TE<\/p>\n","protected":false},"author":26,"featured_media":0,"comment_status":"closed","ping_status":"closed","sticky":false,"template":"","format":"standard","meta":{"footnotes":""},"categories":[1],"tags":[177,208],"class_list":["post-26040","post","type-post","status-publish","format-standard","hentry","category-allgemein","tag-ausland","tag-e-mobilitaet"],"_links":{"self":[{"href":"http:\/\/www.vernunftkraft-hessen.de\/wordpress\/wp-json\/wp\/v2\/posts\/26040","targetHints":{"allow":["GET"]}}],"collection":[{"href":"http:\/\/www.vernunftkraft-hessen.de\/wordpress\/wp-json\/wp\/v2\/posts"}],"about":[{"href":"http:\/\/www.vernunftkraft-hessen.de\/wordpress\/wp-json\/wp\/v2\/types\/post"}],"author":[{"embeddable":true,"href":"http:\/\/www.vernunftkraft-hessen.de\/wordpress\/wp-json\/wp\/v2\/users\/26"}],"replies":[{"embeddable":true,"href":"http:\/\/www.vernunftkraft-hessen.de\/wordpress\/wp-json\/wp\/v2\/comments?post=26040"}],"version-history":[{"count":3,"href":"http:\/\/www.vernunftkraft-hessen.de\/wordpress\/wp-json\/wp\/v2\/posts\/26040\/revisions"}],"predecessor-version":[{"id":26043,"href":"http:\/\/www.vernunftkraft-hessen.de\/wordpress\/wp-json\/wp\/v2\/posts\/26040\/revisions\/26043"}],"wp:attachment":[{"href":"http:\/\/www.vernunftkraft-hessen.de\/wordpress\/wp-json\/wp\/v2\/media?parent=26040"}],"wp:term":[{"taxonomy":"category","embeddable":true,"href":"http:\/\/www.vernunftkraft-hessen.de\/wordpress\/wp-json\/wp\/v2\/categories?post=26040"},{"taxonomy":"post_tag","embeddable":true,"href":"http:\/\/www.vernunftkraft-hessen.de\/wordpress\/wp-json\/wp\/v2\/tags?post=26040"}],"curies":[{"name":"wp","href":"https:\/\/api.w.org\/{rel}","templated":true}]}}