{"id":26279,"date":"2021-06-24T15:43:30","date_gmt":"2021-06-24T13:43:30","guid":{"rendered":"http:\/\/www.vernunftkraft-hessen.de\/wordpress\/?p=26279"},"modified":"2021-06-24T15:44:08","modified_gmt":"2021-06-24T13:44:08","slug":"bayern-plan-fuer-die-energiewende-300-windraeder-im-wald-verstecken-region-nordbayern","status":"publish","type":"post","link":"http:\/\/www.vernunftkraft-hessen.de\/wordpress\/2021\/06\/24\/bayern-plan-fuer-die-energiewende-300-windraeder-im-wald-verstecken-region-nordbayern\/","title":{"rendered":"Bayern-Plan f\u00fcr die Energiewende: 300 Windr\u00e4der im Wald verstecken &#8211; Region | Nordbayern"},"content":{"rendered":"<blockquote><p><span style=\"font-size: 12pt;\"><strong>(&#8230;) Laut einer Analyse des Bayerischen Wirtschaftsministeriums soll es in 200 Kommunen Privatwald-Fl\u00e4chen mit Potenzial f\u00fcr Windr\u00e4der geben, in 100 Gemeinden zudem geeignete Standorte im Staatsforst. Die Analyse h\u00e4lt das Wirtschaftsministerium allerdings unter Verschluss, welche Fl\u00e4chen in Fragen kommen, will man noch nicht \u00f6ffentlich sagen. (&#8230;)<\/strong><\/span><\/p><\/blockquote>\n<p>Alles lesen: <em><a href=\"https:\/\/www.nordbayern.de\/region\/bayern-plan-fur-die-energiewende-300-windrader-im-wald-verstecken-1.11164718\" target=\"_blank\" rel=\"noopener noreferrer\">Bayern-Plan f\u00fcr die Energiewende: 300 Windr\u00e4der im Wald verstecken &#8211; Region | Nordbayern<\/a><\/em><\/p>\n","protected":false},"excerpt":{"rendered":"<p>(&#8230;) Laut einer Analyse des Bayerischen Wirtschaftsministeriums soll es in 200 Kommunen Privatwald-Fl\u00e4chen mit Potenzial f\u00fcr Windr\u00e4der geben, in 100 Gemeinden zudem geeignete Standorte im Staatsforst. Die Analyse h\u00e4lt das Wirtschaftsministerium allerdings unter Verschluss, welche Fl\u00e4chen in Fragen kommen, will man noch nicht \u00f6ffentlich sagen. (&#8230;) Alles lesen: Bayern-Plan f\u00fcr die Energiewende: 300 Windr\u00e4der im &hellip; <a href=\"http:\/\/www.vernunftkraft-hessen.de\/wordpress\/2021\/06\/24\/bayern-plan-fuer-die-energiewende-300-windraeder-im-wald-verstecken-region-nordbayern\/\" class=\"more-link\"><span class=\"screen-reader-text\">\u201eBayern-Plan f\u00fcr die Energiewende: 300 Windr\u00e4der im Wald verstecken &#8211; Region | Nordbayern\u201c<\/span> weiterlesen<\/a><\/p>\n","protected":false},"author":26,"featured_media":0,"comment_status":"closed","ping_status":"closed","sticky":false,"template":"","format":"standard","meta":{"footnotes":""},"categories":[98],"tags":[349,17,90,42,49],"class_list":["post-26279","post","type-post","status-publish","format-standard","hentry","category-zubau","tag-bundeslaender","tag-energiewende","tag-vorranggebiete","tag-wald","tag-zubau"],"_links":{"self":[{"href":"http:\/\/www.vernunftkraft-hessen.de\/wordpress\/wp-json\/wp\/v2\/posts\/26279","targetHints":{"allow":["GET"]}}],"collection":[{"href":"http:\/\/www.vernunftkraft-hessen.de\/wordpress\/wp-json\/wp\/v2\/posts"}],"about":[{"href":"http:\/\/www.vernunftkraft-hessen.de\/wordpress\/wp-json\/wp\/v2\/types\/post"}],"author":[{"embeddable":true,"href":"http:\/\/www.vernunftkraft-hessen.de\/wordpress\/wp-json\/wp\/v2\/users\/26"}],"replies":[{"embeddable":true,"href":"http:\/\/www.vernunftkraft-hessen.de\/wordpress\/wp-json\/wp\/v2\/comments?post=26279"}],"version-history":[{"count":2,"href":"http:\/\/www.vernunftkraft-hessen.de\/wordpress\/wp-json\/wp\/v2\/posts\/26279\/revisions"}],"predecessor-version":[{"id":26281,"href":"http:\/\/www.vernunftkraft-hessen.de\/wordpress\/wp-json\/wp\/v2\/posts\/26279\/revisions\/26281"}],"wp:attachment":[{"href":"http:\/\/www.vernunftkraft-hessen.de\/wordpress\/wp-json\/wp\/v2\/media?parent=26279"}],"wp:term":[{"taxonomy":"category","embeddable":true,"href":"http:\/\/www.vernunftkraft-hessen.de\/wordpress\/wp-json\/wp\/v2\/categories?post=26279"},{"taxonomy":"post_tag","embeddable":true,"href":"http:\/\/www.vernunftkraft-hessen.de\/wordpress\/wp-json\/wp\/v2\/tags?post=26279"}],"curies":[{"name":"wp","href":"https:\/\/api.w.org\/{rel}","templated":true}]}}