{"id":26439,"date":"2021-07-02T02:44:51","date_gmt":"2021-07-02T00:44:51","guid":{"rendered":"http:\/\/www.vernunftkraft-hessen.de\/wordpress\/?p=26439"},"modified":"2021-07-02T02:44:51","modified_gmt":"2021-07-02T00:44:51","slug":"gruene-entgleisung-gruenen-politiker-krischer-laschet-politik-des-abstands-fuer-windraeder-kostet-leben-te","status":"publish","type":"post","link":"http:\/\/www.vernunftkraft-hessen.de\/wordpress\/2021\/07\/02\/gruene-entgleisung-gruenen-politiker-krischer-laschet-politik-des-abstands-fuer-windraeder-kostet-leben-te\/","title":{"rendered":"Gr\u00fcne Entgleisung &#8211;  Gr\u00fcnen-Politiker Krischer: \u201eLaschet-Politik\u201c des Abstands f\u00fcr Windr\u00e4der \u201ekostet Leben\u201c | TE"},"content":{"rendered":"<blockquote><p><span style=\"font-size: 12pt;\"><strong>Windr\u00e4der von Wohnungen fernzuhalten, &#8220;kostet Leben&#8221; behauptet der gr\u00fcne Bundestagsabgeordnete Oliver Krischer. In einer halbherzigen Reaktion auf Kritiker bekr\u00e4ftigt er letztlich den Vorwurf.<\/strong> <\/span><\/p><\/blockquote>\n<blockquote class=\"twitter-tweet\" data-width=\"550\">\n<p lang=\"de\" dir=\"ltr\">Diese <a href=\"https:\/\/twitter.com\/hashtag\/Laschet?src=hash&amp;ref_src=twsrc%5Etfw\">#Laschet<\/a> Politik kostet \u00fcberall auf der Welt &#8211; gerade in <a href=\"https:\/\/twitter.com\/hashtag\/Kanada?src=hash&amp;ref_src=twsrc%5Etfw\">#Kanada<\/a> &#8211; Menschen das Leben. In <a href=\"https:\/\/twitter.com\/hashtag\/NRW?src=hash&amp;ref_src=twsrc%5Etfw\">#NRW<\/a> und ganz Deutschland vernichtet sie zehntausende Arbeitspl\u00e4tze und die wirtschaftliche Basis unseres Landes <a href=\"https:\/\/twitter.com\/hashtag\/LaschetVerhindern?src=hash&amp;ref_src=twsrc%5Etfw\">#LaschetVerhindern<\/a> <a href=\"https:\/\/twitter.com\/hashtag\/Klimaschutz?src=hash&amp;ref_src=twsrc%5Etfw\">#Klimaschutz<\/a> <a href=\"https:\/\/twitter.com\/hashtag\/KlimakriseISTjetzt?src=hash&amp;ref_src=twsrc%5Etfw\">#KlimakriseISTjetzt<\/a> <a href=\"https:\/\/twitter.com\/hashtag\/Klimakatastrophe?src=hash&amp;ref_src=twsrc%5Etfw\">#Klimakatastrophe<\/a><\/p>\n<p>&mdash; Oliver Krischer (@Oliver_Krischer) <a href=\"https:\/\/twitter.com\/Oliver_Krischer\/status\/1410257215508914181?ref_src=twsrc%5Etfw\">June 30, 2021<\/a><\/p><\/blockquote>\n<p><script async src=\"https:\/\/platform.twitter.com\/widgets.js\" charset=\"utf-8\"><\/script><\/p>\n<p><a href=\"https:\/\/www.tichyseinblick.de\/daili-es-sentials\/gruenen-politiker-krischer-laschet-politik-des-abstands-fuer-windraeder-kostet-leben\/\" target=\"_blank\" rel=\"noopener noreferrer\">Weiterlesen<\/a><\/p>\n","protected":false},"excerpt":{"rendered":"<p>Windr\u00e4der von Wohnungen fernzuhalten, &#8220;kostet Leben&#8221; behauptet der gr\u00fcne Bundestagsabgeordnete Oliver Krischer. In einer halbherzigen Reaktion auf Kritiker bekr\u00e4ftigt er letztlich den Vorwurf. Diese #Laschet Politik kostet \u00fcberall auf der Welt &#8211; gerade in #Kanada &#8211; Menschen das Leben. In #NRW und ganz Deutschland vernichtet sie zehntausende Arbeitspl\u00e4tze und die wirtschaftliche Basis unseres Landes #LaschetVerhindern &hellip; <a href=\"http:\/\/www.vernunftkraft-hessen.de\/wordpress\/2021\/07\/02\/gruene-entgleisung-gruenen-politiker-krischer-laschet-politik-des-abstands-fuer-windraeder-kostet-leben-te\/\" class=\"more-link\"><span class=\"screen-reader-text\">\u201eGr\u00fcne Entgleisung &#8211;  Gr\u00fcnen-Politiker Krischer: \u201eLaschet-Politik\u201c des Abstands f\u00fcr Windr\u00e4der \u201ekostet Leben\u201c | TE\u201c<\/span> weiterlesen<\/a><\/p>\n","protected":false},"author":26,"featured_media":0,"comment_status":"closed","ping_status":"closed","sticky":false,"template":"","format":"standard","meta":{"footnotes":""},"categories":[1],"tags":[170,29,6],"class_list":["post-26439","post","type-post","status-publish","format-standard","hentry","category-allgemein","tag-bundestagswahl","tag-parteien","tag-politik"],"_links":{"self":[{"href":"http:\/\/www.vernunftkraft-hessen.de\/wordpress\/wp-json\/wp\/v2\/posts\/26439","targetHints":{"allow":["GET"]}}],"collection":[{"href":"http:\/\/www.vernunftkraft-hessen.de\/wordpress\/wp-json\/wp\/v2\/posts"}],"about":[{"href":"http:\/\/www.vernunftkraft-hessen.de\/wordpress\/wp-json\/wp\/v2\/types\/post"}],"author":[{"embeddable":true,"href":"http:\/\/www.vernunftkraft-hessen.de\/wordpress\/wp-json\/wp\/v2\/users\/26"}],"replies":[{"embeddable":true,"href":"http:\/\/www.vernunftkraft-hessen.de\/wordpress\/wp-json\/wp\/v2\/comments?post=26439"}],"version-history":[{"count":1,"href":"http:\/\/www.vernunftkraft-hessen.de\/wordpress\/wp-json\/wp\/v2\/posts\/26439\/revisions"}],"predecessor-version":[{"id":26440,"href":"http:\/\/www.vernunftkraft-hessen.de\/wordpress\/wp-json\/wp\/v2\/posts\/26439\/revisions\/26440"}],"wp:attachment":[{"href":"http:\/\/www.vernunftkraft-hessen.de\/wordpress\/wp-json\/wp\/v2\/media?parent=26439"}],"wp:term":[{"taxonomy":"category","embeddable":true,"href":"http:\/\/www.vernunftkraft-hessen.de\/wordpress\/wp-json\/wp\/v2\/categories?post=26439"},{"taxonomy":"post_tag","embeddable":true,"href":"http:\/\/www.vernunftkraft-hessen.de\/wordpress\/wp-json\/wp\/v2\/tags?post=26439"}],"curies":[{"name":"wp","href":"https:\/\/api.w.org\/{rel}","templated":true}]}}