{"id":26624,"date":"2021-07-10T04:00:39","date_gmt":"2021-07-10T02:00:39","guid":{"rendered":"http:\/\/www.vernunftkraft-hessen.de\/wordpress\/?p=26624"},"modified":"2021-07-10T04:01:47","modified_gmt":"2021-07-10T02:01:47","slug":"klimaurteil-des-bundesverfassungsgerichts-war-eine-verfassungsrichterin-befangen","status":"publish","type":"post","link":"http:\/\/www.vernunftkraft-hessen.de\/wordpress\/2021\/07\/10\/klimaurteil-des-bundesverfassungsgerichts-war-eine-verfassungsrichterin-befangen\/","title":{"rendered":"Klimaurteil des Bundesverfassungsgerichts: War eine Verfassungsrichterin befangen?"},"content":{"rendered":"<blockquote><p><span style=\"font-size: 12pt;\"><strong>War Verfassungsrichterin Gabriele Britz, die ma\u00dfgeblich am Urteil des Bundesverfassungsgerichts zum Klimaschutzgesetz beteiligt war, befangen? Der fr\u00fchere Hamburger Umweltsenator Prof. Fritz Vahrenholt (SPD) wirft diese Frage im Interview mit Roland Tichy und einem Beitrag f\u00fcr das Monatsmagazin Tichys Einblick auf. Vahrenholt h\u00e4lt nicht nur die Auswahl der Gutachter f\u00fcr einseitig. Zugleich hat der Ehemann der Richterin, der Frankfurter Gr\u00fcnen-Politiker Bastian Bergerhoff, schon im Dezember 2020 auf seiner pers\u00f6nlichen Webseite Aussagen zum Klimaschutz ver\u00f6ffentlicht, die f\u00fcnf Monate sp\u00e4ter fast wortgleich im Beschluss des Bundesverfassungsgerichts auftauchen. Dabei handelt es sich aber nicht um Randaspekte, sondern um den Kernbereich des Urteils, n\u00e4mlich die Berechnung des noch zur Verf\u00fcgung stehenden CO<sub>2W<\/sub>-Budgets, aus dem das Gericht dringenden Handlungsbedarf ableitet.<\/strong><\/span><\/p><\/blockquote>\n<p>Hier den Beitrag <a href=\"https:\/\/www.tichyseinblick.de\/video\/interview\/fritz-vahrenholt-klimaschutzurteil-bundesverfassungsgericht\/\" target=\"_blank\" rel=\"nofollow noopener noreferrer\">Klimaurteil des Bundesverfassungsgerichts: War eine Verfassungsrichterin befangen?<\/a> auf Tichys Einblick lesen.<\/p>\n","protected":false},"excerpt":{"rendered":"<p>War Verfassungsrichterin Gabriele Britz, die ma\u00dfgeblich am Urteil des Bundesverfassungsgerichts zum Klimaschutzgesetz beteiligt war, befangen? Der fr\u00fchere Hamburger Umweltsenator Prof. Fritz Vahrenholt (SPD) wirft diese Frage im Interview mit Roland Tichy und einem Beitrag f\u00fcr das Monatsmagazin Tichys Einblick auf. Vahrenholt h\u00e4lt nicht nur die Auswahl der Gutachter f\u00fcr einseitig. Zugleich hat der Ehemann der &hellip; <a href=\"http:\/\/www.vernunftkraft-hessen.de\/wordpress\/2021\/07\/10\/klimaurteil-des-bundesverfassungsgerichts-war-eine-verfassungsrichterin-befangen\/\" class=\"more-link\"><span class=\"screen-reader-text\">\u201eKlimaurteil des Bundesverfassungsgerichts: War eine Verfassungsrichterin befangen?\u201c<\/span> weiterlesen<\/a><\/p>\n","protected":false},"author":26,"featured_media":0,"comment_status":"closed","ping_status":"closed","sticky":false,"template":"","format":"standard","meta":{"footnotes":""},"categories":[457],"tags":[25,299,478,14,29,6,19,135],"class_list":["post-26624","post","type-post","status-publish","format-standard","hentry","category-klimapolitik","tag-klagen","tag-klimapolitik","tag-klimaschutzgesetz","tag-korruption","tag-parteien","tag-politik","tag-recht","tag-urteil"],"_links":{"self":[{"href":"http:\/\/www.vernunftkraft-hessen.de\/wordpress\/wp-json\/wp\/v2\/posts\/26624","targetHints":{"allow":["GET"]}}],"collection":[{"href":"http:\/\/www.vernunftkraft-hessen.de\/wordpress\/wp-json\/wp\/v2\/posts"}],"about":[{"href":"http:\/\/www.vernunftkraft-hessen.de\/wordpress\/wp-json\/wp\/v2\/types\/post"}],"author":[{"embeddable":true,"href":"http:\/\/www.vernunftkraft-hessen.de\/wordpress\/wp-json\/wp\/v2\/users\/26"}],"replies":[{"embeddable":true,"href":"http:\/\/www.vernunftkraft-hessen.de\/wordpress\/wp-json\/wp\/v2\/comments?post=26624"}],"version-history":[{"count":2,"href":"http:\/\/www.vernunftkraft-hessen.de\/wordpress\/wp-json\/wp\/v2\/posts\/26624\/revisions"}],"predecessor-version":[{"id":26628,"href":"http:\/\/www.vernunftkraft-hessen.de\/wordpress\/wp-json\/wp\/v2\/posts\/26624\/revisions\/26628"}],"wp:attachment":[{"href":"http:\/\/www.vernunftkraft-hessen.de\/wordpress\/wp-json\/wp\/v2\/media?parent=26624"}],"wp:term":[{"taxonomy":"category","embeddable":true,"href":"http:\/\/www.vernunftkraft-hessen.de\/wordpress\/wp-json\/wp\/v2\/categories?post=26624"},{"taxonomy":"post_tag","embeddable":true,"href":"http:\/\/www.vernunftkraft-hessen.de\/wordpress\/wp-json\/wp\/v2\/tags?post=26624"}],"curies":[{"name":"wp","href":"https:\/\/api.w.org\/{rel}","templated":true}]}}