{"id":26836,"date":"2021-07-23T03:05:33","date_gmt":"2021-07-23T01:05:33","guid":{"rendered":"http:\/\/www.vernunftkraft-hessen.de\/wordpress\/?p=26836"},"modified":"2021-07-23T03:07:41","modified_gmt":"2021-07-23T01:07:41","slug":"im-land-der-klima-illusionisten-te","status":"publish","type":"post","link":"http:\/\/www.vernunftkraft-hessen.de\/wordpress\/2021\/07\/23\/im-land-der-klima-illusionisten-te\/","title":{"rendered":"Im Land der Klima-Illusionisten | TE"},"content":{"rendered":"<p>Von Oswald Metzger<\/p>\n<p><strong><em>Im gr\u00fcn-\u00f6kologischen Biedermeier-Idyll glaubt man, dass an einer ambitionierten deutschen oder europ\u00e4ischen Klima-Politik das Weltklima genesen w\u00fcrde. Die Rechnung f\u00fcr diese Illusion wird teuer, aber keine einzige Naturkatastrophe verhindern. Dieser monokausale Trugschluss wird eher dazu f\u00fchren, dass die Menschen \u2013 entt\u00e4uscht von der Wirkungslosigkeit des Alleingangs \u2013 schon bald gegen eine zu harte Klimapolitik aufbegehren, schreibt Oswald Metzger.<\/em><\/strong><\/p>\n<blockquote><p><span style=\"font-size: 12pt;\"><strong>Ob sich die Flutkatastrophe in der Eifel tats\u00e4chlich als Wahlkampf-Katalysator f\u00fcr die Gr\u00fcnen erweist, werden erst die kommenden Wochen zeigen. Denn inzwischen r\u00fcckt doch in den Vordergrund, dass die monokausale Ursachenerkl\u00e4rung durch den Klimawandel reichlich konstruiert wirkt, weil es Extremniederschl\u00e4ge in historischer Zeitbetrachtung sowohl in dieser wie in anderen Regionen Deutschlands immer wieder mal gab \u2013 nicht selten sogar mit noch h\u00f6heren Niederschlagsmengen und Wasserst\u00e4nden.<\/strong><\/span><\/p><\/blockquote>\n<blockquote class=\"wp-embedded-content\" data-secret=\"gUvhN7YbKU\"><p><a href=\"https:\/\/www.tichyseinblick.de\/kolumnen\/oswald-metzger-zur-ordnung\/im-land-der-klima-illusionisten\/\">Im Land der Klima-Illusionisten<\/a><\/p><\/blockquote>\n<p><iframe loading=\"lazy\" class=\"wp-embedded-content\" sandbox=\"allow-scripts\" security=\"restricted\" style=\"position: absolute; clip: rect(1px, 1px, 1px, 1px);\" src=\"https:\/\/www.tichyseinblick.de\/kolumnen\/oswald-metzger-zur-ordnung\/im-land-der-klima-illusionisten\/embed\/#?secret=gUvhN7YbKU\" data-secret=\"gUvhN7YbKU\" width=\"600\" height=\"338\" title=\"&#8222;Im Land der Klima-Illusionisten&#8220; &#8212; Tichys Einblick\" frameborder=\"0\" marginwidth=\"0\" marginheight=\"0\" scrolling=\"no\"><\/iframe><\/p>\n<p>Weiterlesen: <em><a href=\"https:\/\/www.tichyseinblick.de\/kolumnen\/oswald-metzger-zur-ordnung\/im-land-der-klima-illusionisten\/?fbclid=IwAR3kA_jmRBi8aapLpV8_R9s3FdMa7dhZOIb4HqhiNItNHEMwe8zQYO2XgcA\" target=\"_blank\" rel=\"noopener noreferrer\">Im Land der Klima-Illusionisten<\/a> <\/em><\/p>\n","protected":false},"excerpt":{"rendered":"<p>Von Oswald Metzger Im gr\u00fcn-\u00f6kologischen Biedermeier-Idyll glaubt man, dass an einer ambitionierten deutschen oder europ\u00e4ischen Klima-Politik das Weltklima genesen w\u00fcrde. Die Rechnung f\u00fcr diese Illusion wird teuer, aber keine einzige Naturkatastrophe verhindern. Dieser monokausale Trugschluss wird eher dazu f\u00fchren, dass die Menschen \u2013 entt\u00e4uscht von der Wirkungslosigkeit des Alleingangs \u2013 schon bald gegen eine zu &hellip; <a href=\"http:\/\/www.vernunftkraft-hessen.de\/wordpress\/2021\/07\/23\/im-land-der-klima-illusionisten-te\/\" class=\"more-link\"><span class=\"screen-reader-text\">\u201eIm Land der Klima-Illusionisten | TE\u201c<\/span> weiterlesen<\/a><\/p>\n","protected":false},"author":26,"featured_media":0,"comment_status":"closed","ping_status":"closed","sticky":false,"template":"","format":"standard","meta":{"footnotes":""},"categories":[183],"tags":[170,299,29,146],"class_list":["post-26836","post","type-post","status-publish","format-standard","hentry","category-klima","tag-bundestagswahl","tag-klimapolitik","tag-parteien","tag-wahlkampf"],"_links":{"self":[{"href":"http:\/\/www.vernunftkraft-hessen.de\/wordpress\/wp-json\/wp\/v2\/posts\/26836","targetHints":{"allow":["GET"]}}],"collection":[{"href":"http:\/\/www.vernunftkraft-hessen.de\/wordpress\/wp-json\/wp\/v2\/posts"}],"about":[{"href":"http:\/\/www.vernunftkraft-hessen.de\/wordpress\/wp-json\/wp\/v2\/types\/post"}],"author":[{"embeddable":true,"href":"http:\/\/www.vernunftkraft-hessen.de\/wordpress\/wp-json\/wp\/v2\/users\/26"}],"replies":[{"embeddable":true,"href":"http:\/\/www.vernunftkraft-hessen.de\/wordpress\/wp-json\/wp\/v2\/comments?post=26836"}],"version-history":[{"count":3,"href":"http:\/\/www.vernunftkraft-hessen.de\/wordpress\/wp-json\/wp\/v2\/posts\/26836\/revisions"}],"predecessor-version":[{"id":26839,"href":"http:\/\/www.vernunftkraft-hessen.de\/wordpress\/wp-json\/wp\/v2\/posts\/26836\/revisions\/26839"}],"wp:attachment":[{"href":"http:\/\/www.vernunftkraft-hessen.de\/wordpress\/wp-json\/wp\/v2\/media?parent=26836"}],"wp:term":[{"taxonomy":"category","embeddable":true,"href":"http:\/\/www.vernunftkraft-hessen.de\/wordpress\/wp-json\/wp\/v2\/categories?post=26836"},{"taxonomy":"post_tag","embeddable":true,"href":"http:\/\/www.vernunftkraft-hessen.de\/wordpress\/wp-json\/wp\/v2\/tags?post=26836"}],"curies":[{"name":"wp","href":"https:\/\/api.w.org\/{rel}","templated":true}]}}