{"id":26847,"date":"2021-07-23T03:58:48","date_gmt":"2021-07-23T01:58:48","guid":{"rendered":"http:\/\/www.vernunftkraft-hessen.de\/wordpress\/?p=26847"},"modified":"2021-07-23T04:12:28","modified_gmt":"2021-07-23T02:12:28","slug":"bayern-soeder-will-mehr-klimaschutz-10h-regel-wird-ausgehebelt-br24","status":"publish","type":"post","link":"http:\/\/www.vernunftkraft-hessen.de\/wordpress\/2021\/07\/23\/bayern-soeder-will-mehr-klimaschutz-10h-regel-wird-ausgehebelt-br24\/","title":{"rendered":"Bayern: S\u00f6der will mehr Klimaschutz &#8211; 10H-Regel wird ausgehebelt | BR24"},"content":{"rendered":"<blockquote><p><span style=\"font-size: 12pt;\"><strong>(&#8230;) Der Ministerpr\u00e4sident k\u00fcndigte zwar eine Reform der 10H-Regel an &#8211; und verwies auch auf eine neuere Generation von Windr\u00e4dern. Im Staatswald, in vorbelasteten Gebieten und auf Truppen\u00fcbungspl\u00e4tzen, soll demnach k\u00fcnftig nur noch ein Mindestabstand von 1000 Metern eingehalten werden m\u00fcssen. (&#8230;)<\/strong><\/span><\/p><\/blockquote>\n<p>Weiterlesen: <em><a href=\"https:\/\/www.br.de\/nachrichten\/bayern\/windkraft-soeder-haelt-an-10h-regel-fest-aber-mehr-ausnahmen,Sdma0Cc?fbclid=IwAR0OwFiO6qf9ZqRJ8goVK5a5GIQUi6BAZ-pRS21tOeN_6kzpdOIFn6gvDjU\" target=\"_blank\" rel=\"noopener noreferrer\">Bayern: S\u00f6der will mehr Klimaschutz &#8211; 10H-Regel bleibt | BR24<\/a><\/em><\/p>\n","protected":false},"excerpt":{"rendered":"<p>(&#8230;) Der Ministerpr\u00e4sident k\u00fcndigte zwar eine Reform der 10H-Regel an &#8211; und verwies auch auf eine neuere Generation von Windr\u00e4dern. Im Staatswald, in vorbelasteten Gebieten und auf Truppen\u00fcbungspl\u00e4tzen, soll demnach k\u00fcnftig nur noch ein Mindestabstand von 1000 Metern eingehalten werden m\u00fcssen. (&#8230;) Weiterlesen: Bayern: S\u00f6der will mehr Klimaschutz &#8211; 10H-Regel bleibt | BR24<\/p>\n","protected":false},"author":26,"featured_media":0,"comment_status":"closed","ping_status":"closed","sticky":false,"template":"","format":"standard","meta":{"footnotes":""},"categories":[222],"tags":[109,349,17,21,49],"class_list":["post-26847","post","type-post","status-publish","format-standard","hentry","category-energiepolitik","tag-10-h-regelung","tag-bundeslaender","tag-energiewende","tag-gesundheit","tag-zubau"],"_links":{"self":[{"href":"http:\/\/www.vernunftkraft-hessen.de\/wordpress\/wp-json\/wp\/v2\/posts\/26847","targetHints":{"allow":["GET"]}}],"collection":[{"href":"http:\/\/www.vernunftkraft-hessen.de\/wordpress\/wp-json\/wp\/v2\/posts"}],"about":[{"href":"http:\/\/www.vernunftkraft-hessen.de\/wordpress\/wp-json\/wp\/v2\/types\/post"}],"author":[{"embeddable":true,"href":"http:\/\/www.vernunftkraft-hessen.de\/wordpress\/wp-json\/wp\/v2\/users\/26"}],"replies":[{"embeddable":true,"href":"http:\/\/www.vernunftkraft-hessen.de\/wordpress\/wp-json\/wp\/v2\/comments?post=26847"}],"version-history":[{"count":3,"href":"http:\/\/www.vernunftkraft-hessen.de\/wordpress\/wp-json\/wp\/v2\/posts\/26847\/revisions"}],"predecessor-version":[{"id":26850,"href":"http:\/\/www.vernunftkraft-hessen.de\/wordpress\/wp-json\/wp\/v2\/posts\/26847\/revisions\/26850"}],"wp:attachment":[{"href":"http:\/\/www.vernunftkraft-hessen.de\/wordpress\/wp-json\/wp\/v2\/media?parent=26847"}],"wp:term":[{"taxonomy":"category","embeddable":true,"href":"http:\/\/www.vernunftkraft-hessen.de\/wordpress\/wp-json\/wp\/v2\/categories?post=26847"},{"taxonomy":"post_tag","embeddable":true,"href":"http:\/\/www.vernunftkraft-hessen.de\/wordpress\/wp-json\/wp\/v2\/tags?post=26847"}],"curies":[{"name":"wp","href":"https:\/\/api.w.org\/{rel}","templated":true}]}}