{"id":26919,"date":"2021-07-27T02:22:14","date_gmt":"2021-07-27T00:22:14","guid":{"rendered":"http:\/\/www.vernunftkraft-hessen.de\/wordpress\/?p=26919"},"modified":"2021-07-27T02:26:36","modified_gmt":"2021-07-27T00:26:36","slug":"diw-energie-szenario-setzt-auf-halbierung-des-strombedarfs","status":"publish","type":"post","link":"http:\/\/www.vernunftkraft-hessen.de\/wordpress\/2021\/07\/27\/diw-energie-szenario-setzt-auf-halbierung-des-strombedarfs\/","title":{"rendered":"DIW-Energie-Szenario setzt auf Halbierung des Strombedarfs | TE"},"content":{"rendered":"<p>Von Henrik Paulitz<\/p>\n<blockquote><p><span style=\"font-size: 12pt;\"><strong>Forscher vom Deutschen Institut f\u00fcr Wirtschaftsforschung (DIW) scheinen davon auszugehen, dass in Deutschland k\u00fcnftig kaum noch Autos fahren, ein erheblicher Teil der Industrie ins Ausland verlagert wird und die Geb\u00e4ude im Winterhalbjahr nicht mehr zuverl\u00e4ssig beheizt werden.<\/strong><\/span><\/p><\/blockquote>\n<blockquote class=\"wp-embedded-content\" data-secret=\"cg6ZxFITOi\"><p><a href=\"https:\/\/www.tichyseinblick.de\/kolumnen\/lichtblicke-kolumnen\/energiewende-diw-deindustrialisierung-strom-mangel-wirtschaft\/\">DIW-Energie-Szenario setzt auf Halbierung des Strombedarfs<\/a><\/p><\/blockquote>\n<p><iframe loading=\"lazy\" class=\"wp-embedded-content\" sandbox=\"allow-scripts\" security=\"restricted\" style=\"position: absolute; clip: rect(1px, 1px, 1px, 1px);\" src=\"https:\/\/www.tichyseinblick.de\/kolumnen\/lichtblicke-kolumnen\/energiewende-diw-deindustrialisierung-strom-mangel-wirtschaft\/embed\/#?secret=cg6ZxFITOi\" data-secret=\"cg6ZxFITOi\" width=\"600\" height=\"338\" title=\"&#8222;DIW-Energie-Szenario setzt auf Halbierung des Strombedarfs&#8220; &#8212; Tichys Einblick\" frameborder=\"0\" marginwidth=\"0\" marginheight=\"0\" scrolling=\"no\"><\/iframe><\/p>\n<p>Weiterlesen: <em><a href=\"https:\/\/www.tichyseinblick.de\/kolumnen\/lichtblicke-kolumnen\/energiewende-diw-deindustrialisierung-strom-mangel-wirtschaft\/\">DIW-Energie-Szenario setzt auf Halbierung des Strombedarfs<\/a> | TE<\/em><\/p>\n","protected":false},"excerpt":{"rendered":"<p>Von Henrik Paulitz Forscher vom Deutschen Institut f\u00fcr Wirtschaftsforschung (DIW) scheinen davon auszugehen, dass in Deutschland k\u00fcnftig kaum noch Autos fahren, ein erheblicher Teil der Industrie ins Ausland verlagert wird und die Geb\u00e4ude im Winterhalbjahr nicht mehr zuverl\u00e4ssig beheizt werden. DIW-Energie-Szenario setzt auf Halbierung des Strombedarfs Weiterlesen: DIW-Energie-Szenario setzt auf Halbierung des Strombedarfs | TE<\/p>\n","protected":false},"author":26,"featured_media":0,"comment_status":"closed","ping_status":"closed","sticky":false,"template":"","format":"standard","meta":{"footnotes":""},"categories":[222],"tags":[17,36,250],"class_list":["post-26919","post","type-post","status-publish","format-standard","hentry","category-energiepolitik","tag-energiewende","tag-stromversorgung","tag-versorgungssicherheit"],"_links":{"self":[{"href":"http:\/\/www.vernunftkraft-hessen.de\/wordpress\/wp-json\/wp\/v2\/posts\/26919","targetHints":{"allow":["GET"]}}],"collection":[{"href":"http:\/\/www.vernunftkraft-hessen.de\/wordpress\/wp-json\/wp\/v2\/posts"}],"about":[{"href":"http:\/\/www.vernunftkraft-hessen.de\/wordpress\/wp-json\/wp\/v2\/types\/post"}],"author":[{"embeddable":true,"href":"http:\/\/www.vernunftkraft-hessen.de\/wordpress\/wp-json\/wp\/v2\/users\/26"}],"replies":[{"embeddable":true,"href":"http:\/\/www.vernunftkraft-hessen.de\/wordpress\/wp-json\/wp\/v2\/comments?post=26919"}],"version-history":[{"count":4,"href":"http:\/\/www.vernunftkraft-hessen.de\/wordpress\/wp-json\/wp\/v2\/posts\/26919\/revisions"}],"predecessor-version":[{"id":26923,"href":"http:\/\/www.vernunftkraft-hessen.de\/wordpress\/wp-json\/wp\/v2\/posts\/26919\/revisions\/26923"}],"wp:attachment":[{"href":"http:\/\/www.vernunftkraft-hessen.de\/wordpress\/wp-json\/wp\/v2\/media?parent=26919"}],"wp:term":[{"taxonomy":"category","embeddable":true,"href":"http:\/\/www.vernunftkraft-hessen.de\/wordpress\/wp-json\/wp\/v2\/categories?post=26919"},{"taxonomy":"post_tag","embeddable":true,"href":"http:\/\/www.vernunftkraft-hessen.de\/wordpress\/wp-json\/wp\/v2\/tags?post=26919"}],"curies":[{"name":"wp","href":"https:\/\/api.w.org\/{rel}","templated":true}]}}