{"id":26924,"date":"2021-07-27T02:32:23","date_gmt":"2021-07-27T00:32:23","guid":{"rendered":"http:\/\/www.vernunftkraft-hessen.de\/wordpress\/?p=26924"},"modified":"2021-08-30T05:36:33","modified_gmt":"2021-08-30T03:36:33","slug":"wir-muessen-reden-vernunftkraft-bundesinitiative","status":"publish","type":"post","link":"http:\/\/www.vernunftkraft-hessen.de\/wordpress\/2021\/07\/27\/wir-muessen-reden-vernunftkraft-bundesinitiative\/","title":{"rendered":"Wir m\u00fcssen reden\u2026 Vernunftkraft Bundesinitiative"},"content":{"rendered":"<div><strong><em>Die einseitig auf Windkraft und Solarenergie ausgerichtete \u201cEnergiewende\u201d funktioniert nicht. Im Gegenteil: Sie schadet der Natur, den Menschen und dem Wirtschaftsstandort. Am 26. September 2021 wird ein neuer Bundestag gew\u00e4hlt. Mit Allen, die Verantwortung \u00fcbernehmen wollen, m\u00f6chten wir \u00fcber diese Fehlentwicklungen reden \u2013 und gemeinsam Alternativen voranbringen.\u00a0<\/em><\/strong><\/div>\n<div>\n<p>&nbsp;<\/p>\n<p><iframe loading=\"lazy\" title=\"YouTube video player\" src=\"https:\/\/www.youtube-nocookie.com\/embed\/-OKbT3_KZf8\" width=\"560\" height=\"315\" frameborder=\"0\" allowfullscreen=\"allowfullscreen\"><\/iframe><\/p>\n<\/div>\n<div><\/div>\n<div><strong><a href=\"http:\/\/www.vernunftkraft-hessen.de\/wordpress\/2021\/08\/18\/wir-muessen-ueber-die-natur-reden-vernunftkraft\/\">Lesen Sie auch den Textbeitrag:<\/a><br \/>\n<em><a href=\"https:\/\/www.vernunftkraft.de\/reden\/?fbclid=IwAR1XPbFU_bqHWRHI2nok0XR-wvSyZhCwxg7tBRZgUKWlDKiHSu-ECoZOXJE\" target=\"_blank\" rel=\"noopener noreferrer\">https:\/\/www.vernunftkraft.de\/reden\/?fbclid=IwAR1XPbFU_bqHWRHI2nok0XR-wvSyZhCwxg7tBRZgUKWlDKiHSu-ECoZOXJE<\/a><\/em><\/strong><\/div>\n<h5 class=\"entry-title\">Wir m\u00fcssen \u00fcber die Natur reden<\/h5>\n<p><span class=\"style-scope yt-formatted-string\" dir=\"auto\"><strong><em>\u201cAlternative Energieerzeugung ist unsinnig, wenn sie genau das zerst\u00f6rt, was man durch sie bewahren will\u201d<\/em> (Reinhold Messmer).<\/strong><\/span><\/p>\n<p><iframe loading=\"lazy\" title=\"YouTube video player\" src=\"https:\/\/www.youtube-nocookie.com\/embed\/nsOpSojvhnA\" width=\"560\" height=\"315\" frameborder=\"0\" allowfullscreen=\"allowfullscreen\"><\/iframe><\/p>\n<h5 class=\"entry-title\">Wir m\u00fcssen \u00fcber Versorgungssicherheit reden<\/h5>\n<p><em><strong>Der wahrscheinlichste Betriebszustand deutscher Windenergieanlagen an Land ist der Stillstand.<\/strong><\/em><\/p>\n<p><iframe loading=\"lazy\" title=\"YouTube video player\" src=\"https:\/\/www.youtube-nocookie.com\/embed\/q4JlQA0Uotw\" width=\"560\" height=\"315\" frameborder=\"0\" allowfullscreen=\"allowfullscreen\"><\/iframe><\/p>\n<p>&nbsp;<\/p>\n","protected":false},"excerpt":{"rendered":"<p>Die einseitig auf Windkraft und Solarenergie ausgerichtete \u201cEnergiewende\u201d funktioniert nicht. Im Gegenteil: Sie schadet der Natur, den Menschen und dem Wirtschaftsstandort. Am 26. September 2021 wird ein neuer Bundestag gew\u00e4hlt. Mit Allen, die Verantwortung \u00fcbernehmen wollen, m\u00f6chten wir \u00fcber diese Fehlentwicklungen reden \u2013 und gemeinsam Alternativen voranbringen.\u00a0 &nbsp; Lesen Sie auch den Textbeitrag: https:\/\/www.vernunftkraft.de\/reden\/?fbclid=IwAR1XPbFU_bqHWRHI2nok0XR-wvSyZhCwxg7tBRZgUKWlDKiHSu-ECoZOXJE Wir &hellip; <a href=\"http:\/\/www.vernunftkraft-hessen.de\/wordpress\/2021\/07\/27\/wir-muessen-reden-vernunftkraft-bundesinitiative\/\" class=\"more-link\"><span class=\"screen-reader-text\">\u201eWir m\u00fcssen reden\u2026 Vernunftkraft Bundesinitiative\u201c<\/span> weiterlesen<\/a><\/p>\n","protected":false},"author":26,"featured_media":26944,"comment_status":"closed","ping_status":"closed","sticky":false,"template":"","format":"standard","meta":{"footnotes":""},"categories":[222],"tags":[175,17,21,34,28,250,163],"class_list":["post-26924","post","type-post","status-publish","format-standard","has-post-thumbnail","hentry","category-energiepolitik","tag-energiepolitik","tag-energiewende","tag-gesundheit","tag-natur","tag-strompreis","tag-versorgungssicherheit","tag-video"],"_links":{"self":[{"href":"http:\/\/www.vernunftkraft-hessen.de\/wordpress\/wp-json\/wp\/v2\/posts\/26924","targetHints":{"allow":["GET"]}}],"collection":[{"href":"http:\/\/www.vernunftkraft-hessen.de\/wordpress\/wp-json\/wp\/v2\/posts"}],"about":[{"href":"http:\/\/www.vernunftkraft-hessen.de\/wordpress\/wp-json\/wp\/v2\/types\/post"}],"author":[{"embeddable":true,"href":"http:\/\/www.vernunftkraft-hessen.de\/wordpress\/wp-json\/wp\/v2\/users\/26"}],"replies":[{"embeddable":true,"href":"http:\/\/www.vernunftkraft-hessen.de\/wordpress\/wp-json\/wp\/v2\/comments?post=26924"}],"version-history":[{"count":7,"href":"http:\/\/www.vernunftkraft-hessen.de\/wordpress\/wp-json\/wp\/v2\/posts\/26924\/revisions"}],"predecessor-version":[{"id":27522,"href":"http:\/\/www.vernunftkraft-hessen.de\/wordpress\/wp-json\/wp\/v2\/posts\/26924\/revisions\/27522"}],"wp:featuredmedia":[{"embeddable":true,"href":"http:\/\/www.vernunftkraft-hessen.de\/wordpress\/wp-json\/wp\/v2\/media\/26944"}],"wp:attachment":[{"href":"http:\/\/www.vernunftkraft-hessen.de\/wordpress\/wp-json\/wp\/v2\/media?parent=26924"}],"wp:term":[{"taxonomy":"category","embeddable":true,"href":"http:\/\/www.vernunftkraft-hessen.de\/wordpress\/wp-json\/wp\/v2\/categories?post=26924"},{"taxonomy":"post_tag","embeddable":true,"href":"http:\/\/www.vernunftkraft-hessen.de\/wordpress\/wp-json\/wp\/v2\/tags?post=26924"}],"curies":[{"name":"wp","href":"https:\/\/api.w.org\/{rel}","templated":true}]}}