{"id":27050,"date":"2021-08-03T03:39:04","date_gmt":"2021-08-03T01:39:04","guid":{"rendered":"http:\/\/www.vernunftkraft-hessen.de\/wordpress\/?p=27050"},"modified":"2021-08-03T03:39:04","modified_gmt":"2021-08-03T01:39:04","slug":"net-zero-ist-einer-angemessenen-pruefung-zu-unterziehen-ageu","status":"publish","type":"post","link":"http:\/\/www.vernunftkraft-hessen.de\/wordpress\/2021\/08\/03\/net-zero-ist-einer-angemessenen-pruefung-zu-unterziehen-ageu\/","title":{"rendered":"Net Zero ist einer angemessenen Pr\u00fcfung zu unterziehen | AGEU"},"content":{"rendered":"<blockquote class=\"wp-embedded-content\" data-secret=\"2z0gundbwt\"><p><a href=\"http:\/\/www.ageu-die-realisten.com\/archives\/4800\">Net Zero ist einer angemessenen Pr\u00fcfung zu unterziehen<\/a><\/p><\/blockquote>\n<p><iframe loading=\"lazy\" class=\"wp-embedded-content\" sandbox=\"allow-scripts\" security=\"restricted\" style=\"position: absolute; clip: rect(1px, 1px, 1px, 1px);\" src=\"http:\/\/www.ageu-die-realisten.com\/archives\/4800\/embed#?secret=2z0gundbwt\" data-secret=\"2z0gundbwt\" width=\"600\" height=\"338\" title=\"&#8222;Net Zero ist einer angemessenen Pr\u00fcfung zu unterziehen&#8220; &#8212; AG E+U - Die Realisten\" frameborder=\"0\" marginwidth=\"0\" marginheight=\"0\" scrolling=\"no\"><\/iframe><\/p>\n<p><em><strong>(&#8230;) Der Beschluss und auch die Art und Weise der Gesetzes\u00e4nderung haben erhebliche Kritik ausgel\u00f6st. \u00dcber die <a href=\"http:\/\/www.ageu-die-realisten.com\/archives\/4706\" target=\"_blank\" rel=\"noopener noreferrer\">gigantischen Kosten<\/a> der angestrebten Klimaneutralit\u00e4t f\u00fcr Wirtschaft, Industrie, Verkehr und Haushalte wie auch den sozialen Verwerfungen erf\u00e4hrt man \u00a0von der Bundesregierung nichts und nur wenig in den Medien. (&#8230;)<\/strong><\/em><\/p>\n<p><a href=\"http:\/\/www.ageu-die-realisten.com\/archives\/4800\" target=\"_blank\" rel=\"noopener noreferrer\">Alles lesen<\/a><\/p>\n","protected":false},"excerpt":{"rendered":"<p>Net Zero ist einer angemessenen Pr\u00fcfung zu unterziehen (&#8230;) Der Beschluss und auch die Art und Weise der Gesetzes\u00e4nderung haben erhebliche Kritik ausgel\u00f6st. \u00dcber die gigantischen Kosten der angestrebten Klimaneutralit\u00e4t f\u00fcr Wirtschaft, Industrie, Verkehr und Haushalte wie auch den sozialen Verwerfungen erf\u00e4hrt man \u00a0von der Bundesregierung nichts und nur wenig in den Medien. (&#8230;) Alles &hellip; <a href=\"http:\/\/www.vernunftkraft-hessen.de\/wordpress\/2021\/08\/03\/net-zero-ist-einer-angemessenen-pruefung-zu-unterziehen-ageu\/\" class=\"more-link\"><span class=\"screen-reader-text\">\u201eNet Zero ist einer angemessenen Pr\u00fcfung zu unterziehen | AGEU\u201c<\/span> weiterlesen<\/a><\/p>\n","protected":false},"author":26,"featured_media":0,"comment_status":"closed","ping_status":"closed","sticky":false,"template":"","format":"standard","meta":{"footnotes":""},"categories":[457],"tags":[55,299],"class_list":["post-27050","post","type-post","status-publish","format-standard","hentry","category-klimapolitik","tag-co2","tag-klimapolitik"],"_links":{"self":[{"href":"http:\/\/www.vernunftkraft-hessen.de\/wordpress\/wp-json\/wp\/v2\/posts\/27050","targetHints":{"allow":["GET"]}}],"collection":[{"href":"http:\/\/www.vernunftkraft-hessen.de\/wordpress\/wp-json\/wp\/v2\/posts"}],"about":[{"href":"http:\/\/www.vernunftkraft-hessen.de\/wordpress\/wp-json\/wp\/v2\/types\/post"}],"author":[{"embeddable":true,"href":"http:\/\/www.vernunftkraft-hessen.de\/wordpress\/wp-json\/wp\/v2\/users\/26"}],"replies":[{"embeddable":true,"href":"http:\/\/www.vernunftkraft-hessen.de\/wordpress\/wp-json\/wp\/v2\/comments?post=27050"}],"version-history":[{"count":1,"href":"http:\/\/www.vernunftkraft-hessen.de\/wordpress\/wp-json\/wp\/v2\/posts\/27050\/revisions"}],"predecessor-version":[{"id":27051,"href":"http:\/\/www.vernunftkraft-hessen.de\/wordpress\/wp-json\/wp\/v2\/posts\/27050\/revisions\/27051"}],"wp:attachment":[{"href":"http:\/\/www.vernunftkraft-hessen.de\/wordpress\/wp-json\/wp\/v2\/media?parent=27050"}],"wp:term":[{"taxonomy":"category","embeddable":true,"href":"http:\/\/www.vernunftkraft-hessen.de\/wordpress\/wp-json\/wp\/v2\/categories?post=27050"},{"taxonomy":"post_tag","embeddable":true,"href":"http:\/\/www.vernunftkraft-hessen.de\/wordpress\/wp-json\/wp\/v2\/tags?post=27050"}],"curies":[{"name":"wp","href":"https:\/\/api.w.org\/{rel}","templated":true}]}}