{"id":27054,"date":"2021-08-03T04:42:04","date_gmt":"2021-08-03T02:42:04","guid":{"rendered":"http:\/\/www.vernunftkraft-hessen.de\/wordpress\/?p=27054"},"modified":"2021-08-05T00:13:59","modified_gmt":"2021-08-04T22:13:59","slug":"co2-zertifikate-immer-teurer-rekordeinnahmen-fuer-den-staat-et","status":"publish","type":"post","link":"http:\/\/www.vernunftkraft-hessen.de\/wordpress\/2021\/08\/03\/co2-zertifikate-immer-teurer-rekordeinnahmen-fuer-den-staat-et\/","title":{"rendered":"CO2-Zertifikate immer teurer &#8211; Rekordeinnahmen f\u00fcr den Staat | ET"},"content":{"rendered":"<blockquote><p><span style=\"font-size: 12pt;\"><strong>Im Durchschnitt des vergangenen Jahres kostete ein Zertifikat knapp 25 Euro, im Januar stieg der Preis auf \u00fcber 33 Euro und kletterte im Juni auf mehr als 52 Euro. Die Preise steigen auch, weil die Zahl der zur Verf\u00fcgung stehenden Zertifikate von Jahr zu Jahr sinkt. <\/strong><\/span><\/p>\n<p><span style=\"font-size: 12pt;\"><strong>Die gestiegenen Preise f\u00fcr die CO2-Emissionen schlagen auch auf die Strompreise durch. An der Stromb\u00f6rse ist der Gro\u00dfhandelspreis mittlerweile auf den h\u00f6chsten Stand seit 2008 geklettert. Die steigenden CO2-Preise sind zusammen mit h\u00f6heren Brennstoffkosten der Hauptgrund f\u00fcr den teuren Strom.<\/strong><\/span><\/p><\/blockquote>\n<p>Weiterlesen:<strong> <em><a href=\"https:\/\/www.epochtimes.de\/wirtschaft\/co2-zertifikate-immer-teurer-rekordeinnahmen-fuer-den-staat-a3568487.html\" target=\"_blank\" rel=\"noopener noreferrer\">CO2-Zertifikate immer teurer &#8211; Rekordeinnahmen f\u00fcr den Staat<\/a><\/em><\/strong><\/p>\n<p>Lesen Sie auch: <a href=\"https:\/\/www.welt.de\/wirtschaft\/article232890951\/Klimaschutz-Staat-kassiert-dank-CO2-Abgabe-Rekordeinnahmen.html?cid=socialmedia.facebook.shared.web&amp;fbclid=IwAR0mGTAatx0UfBnzfSOfsWKUOoIbzPRMCA81pmMRR55W3aumGFTommXG_vA\" target=\"_blank\" rel=\"noopener noreferrer\"><strong><em>Der Staat kassiert \u2013 und l\u00e4sst Verbraucher auf Einl\u00f6sung des Versprechens warten<\/em><\/strong><\/a> | Welt.de<\/p>\n","protected":false},"excerpt":{"rendered":"<p>Im Durchschnitt des vergangenen Jahres kostete ein Zertifikat knapp 25 Euro, im Januar stieg der Preis auf \u00fcber 33 Euro und kletterte im Juni auf mehr als 52 Euro. Die Preise steigen auch, weil die Zahl der zur Verf\u00fcgung stehenden Zertifikate von Jahr zu Jahr sinkt. Die gestiegenen Preise f\u00fcr die CO2-Emissionen schlagen auch auf &hellip; <a href=\"http:\/\/www.vernunftkraft-hessen.de\/wordpress\/2021\/08\/03\/co2-zertifikate-immer-teurer-rekordeinnahmen-fuer-den-staat-et\/\" class=\"more-link\"><span class=\"screen-reader-text\">\u201eCO2-Zertifikate immer teurer &#8211; Rekordeinnahmen f\u00fcr den Staat | ET\u201c<\/span> weiterlesen<\/a><\/p>\n","protected":false},"author":26,"featured_media":0,"comment_status":"closed","ping_status":"closed","sticky":false,"template":"","format":"standard","meta":{"footnotes":""},"categories":[457],"tags":[603,61,28],"class_list":["post-27054","post","type-post","status-publish","format-standard","hentry","category-klimapolitik","tag-co2-zertifikate","tag-strommarkt","tag-strompreis"],"_links":{"self":[{"href":"http:\/\/www.vernunftkraft-hessen.de\/wordpress\/wp-json\/wp\/v2\/posts\/27054","targetHints":{"allow":["GET"]}}],"collection":[{"href":"http:\/\/www.vernunftkraft-hessen.de\/wordpress\/wp-json\/wp\/v2\/posts"}],"about":[{"href":"http:\/\/www.vernunftkraft-hessen.de\/wordpress\/wp-json\/wp\/v2\/types\/post"}],"author":[{"embeddable":true,"href":"http:\/\/www.vernunftkraft-hessen.de\/wordpress\/wp-json\/wp\/v2\/users\/26"}],"replies":[{"embeddable":true,"href":"http:\/\/www.vernunftkraft-hessen.de\/wordpress\/wp-json\/wp\/v2\/comments?post=27054"}],"version-history":[{"count":4,"href":"http:\/\/www.vernunftkraft-hessen.de\/wordpress\/wp-json\/wp\/v2\/posts\/27054\/revisions"}],"predecessor-version":[{"id":27060,"href":"http:\/\/www.vernunftkraft-hessen.de\/wordpress\/wp-json\/wp\/v2\/posts\/27054\/revisions\/27060"}],"wp:attachment":[{"href":"http:\/\/www.vernunftkraft-hessen.de\/wordpress\/wp-json\/wp\/v2\/media?parent=27054"}],"wp:term":[{"taxonomy":"category","embeddable":true,"href":"http:\/\/www.vernunftkraft-hessen.de\/wordpress\/wp-json\/wp\/v2\/categories?post=27054"},{"taxonomy":"post_tag","embeddable":true,"href":"http:\/\/www.vernunftkraft-hessen.de\/wordpress\/wp-json\/wp\/v2\/tags?post=27054"}],"curies":[{"name":"wp","href":"https:\/\/api.w.org\/{rel}","templated":true}]}}