{"id":27220,"date":"2021-08-11T02:50:43","date_gmt":"2021-08-11T00:50:43","guid":{"rendered":"http:\/\/www.vernunftkraft-hessen.de\/wordpress\/?p=27220"},"modified":"2021-08-11T02:52:16","modified_gmt":"2021-08-11T00:52:16","slug":"stefan-rahmstorf-und-svante-arrhenius-ein-interessantes-duo-eike","status":"publish","type":"post","link":"http:\/\/www.vernunftkraft-hessen.de\/wordpress\/2021\/08\/11\/stefan-rahmstorf-und-svante-arrhenius-ein-interessantes-duo-eike\/","title":{"rendered":"Stefan Rahmstorf und Svante Arrhenius \u2013 Ein interessantes Duo | EIKE"},"content":{"rendered":"<p>Von Michael Limburg unter Verwendung von Texten von Dr. Bernd Fleischmann<\/p>\n<blockquote><p><span style=\"font-size: 12pt;\"><strong>Wie jeder hier wei\u00df, ist Prof. Dr. Stefan Rahmstorf, der Held der Friday for Future Bewegung, ordentlicher Professor f\u00fcr Physik der Ozeane der Uni Potsdam, Leitautor des IPCC und seit 1996 Forscher am Potsdam Institut f\u00fcr Klimafolgenforschung (PIK).<\/strong><\/span><\/p><\/blockquote>\n<blockquote class=\"wp-embedded-content\" data-secret=\"NzXqZhCQKL\"><p><a href=\"https:\/\/eike-klima-energie.eu\/2021\/08\/09\/stefan-rahmstorf-und-svante-arrhenius-ein-interessantes-duo\/\">Stefan Rahmstorf und Svante Arrhenius \u2013 Ein interessantes Duo<\/a><\/p><\/blockquote>\n<p><iframe loading=\"lazy\" class=\"wp-embedded-content\" sandbox=\"allow-scripts\" security=\"restricted\" style=\"position: absolute; clip: rect(1px, 1px, 1px, 1px);\" src=\"https:\/\/eike-klima-energie.eu\/2021\/08\/09\/stefan-rahmstorf-und-svante-arrhenius-ein-interessantes-duo\/embed\/#?secret=NzXqZhCQKL\" data-secret=\"NzXqZhCQKL\" width=\"600\" height=\"338\" title=\"&#8222;Stefan Rahmstorf und Svante Arrhenius \u2013 Ein interessantes Duo&#8220; &#8212; EIKE - Europ\u00e4isches Institut f\u00fcr Klima &amp; Energie\" frameborder=\"0\" marginwidth=\"0\" marginheight=\"0\" scrolling=\"no\"><\/iframe><\/p>\n<p>Weiterlesen: <em><a href=\"https:\/\/eike-klima-energie.eu\/2021\/08\/09\/stefan-rahmstorf-und-svante-arrhenius-ein-interessantes-duo\/\" target=\"_blank\" rel=\"noopener noreferrer\">Stefan Rahmstorf und Svante Arrhenius \u2013 Ein interessantes Duo | EIKE &#8211; Europ\u00e4isches Institut f\u00fcr Klima &amp; Energie<\/a><\/em><\/p>\n","protected":false},"excerpt":{"rendered":"<p>Von Michael Limburg unter Verwendung von Texten von Dr. Bernd Fleischmann Wie jeder hier wei\u00df, ist Prof. Dr. Stefan Rahmstorf, der Held der Friday for Future Bewegung, ordentlicher Professor f\u00fcr Physik der Ozeane der Uni Potsdam, Leitautor des IPCC und seit 1996 Forscher am Potsdam Institut f\u00fcr Klimafolgenforschung (PIK). Stefan Rahmstorf und Svante Arrhenius \u2013 &hellip; <a href=\"http:\/\/www.vernunftkraft-hessen.de\/wordpress\/2021\/08\/11\/stefan-rahmstorf-und-svante-arrhenius-ein-interessantes-duo-eike\/\" class=\"more-link\"><span class=\"screen-reader-text\">\u201eStefan Rahmstorf und Svante Arrhenius \u2013 Ein interessantes Duo | EIKE\u201c<\/span> weiterlesen<\/a><\/p>\n","protected":false},"author":26,"featured_media":0,"comment_status":"closed","ping_status":"closed","sticky":false,"template":"","format":"standard","meta":{"footnotes":""},"categories":[183],"tags":[221,567,606,447],"class_list":["post-27220","post","type-post","status-publish","format-standard","hentry","category-klima","tag-ipcc","tag-klima-lobby","tag-klimahypothesen","tag-klimaprognosen"],"_links":{"self":[{"href":"http:\/\/www.vernunftkraft-hessen.de\/wordpress\/wp-json\/wp\/v2\/posts\/27220","targetHints":{"allow":["GET"]}}],"collection":[{"href":"http:\/\/www.vernunftkraft-hessen.de\/wordpress\/wp-json\/wp\/v2\/posts"}],"about":[{"href":"http:\/\/www.vernunftkraft-hessen.de\/wordpress\/wp-json\/wp\/v2\/types\/post"}],"author":[{"embeddable":true,"href":"http:\/\/www.vernunftkraft-hessen.de\/wordpress\/wp-json\/wp\/v2\/users\/26"}],"replies":[{"embeddable":true,"href":"http:\/\/www.vernunftkraft-hessen.de\/wordpress\/wp-json\/wp\/v2\/comments?post=27220"}],"version-history":[{"count":3,"href":"http:\/\/www.vernunftkraft-hessen.de\/wordpress\/wp-json\/wp\/v2\/posts\/27220\/revisions"}],"predecessor-version":[{"id":27223,"href":"http:\/\/www.vernunftkraft-hessen.de\/wordpress\/wp-json\/wp\/v2\/posts\/27220\/revisions\/27223"}],"wp:attachment":[{"href":"http:\/\/www.vernunftkraft-hessen.de\/wordpress\/wp-json\/wp\/v2\/media?parent=27220"}],"wp:term":[{"taxonomy":"category","embeddable":true,"href":"http:\/\/www.vernunftkraft-hessen.de\/wordpress\/wp-json\/wp\/v2\/categories?post=27220"},{"taxonomy":"post_tag","embeddable":true,"href":"http:\/\/www.vernunftkraft-hessen.de\/wordpress\/wp-json\/wp\/v2\/tags?post=27220"}],"curies":[{"name":"wp","href":"https:\/\/api.w.org\/{rel}","templated":true}]}}