{"id":27286,"date":"2021-08-17T22:13:45","date_gmt":"2021-08-17T20:13:45","guid":{"rendered":"http:\/\/www.vernunftkraft-hessen.de\/wordpress\/?p=27286"},"modified":"2021-08-17T22:16:57","modified_gmt":"2021-08-17T20:16:57","slug":"windraeder-im-taunus-gruene-nehmen-juristen-an-die-leine-faz","status":"publish","type":"post","link":"http:\/\/www.vernunftkraft-hessen.de\/wordpress\/2021\/08\/17\/windraeder-im-taunus-gruene-nehmen-juristen-an-die-leine-faz\/","title":{"rendered":"Windr\u00e4der im Taunus: Gr\u00fcne nehmen Juristen an die Leine | FAZ"},"content":{"rendered":"<blockquote><p><span style=\"font-size: 12pt;\"><strong>Wenn der Verwaltungsgerichtshof \u00fcber Windr\u00e4der auf dem Taunuskamm entscheidet, geht es auch um die Grundlagen der hessischen Energiepolitik. Denn diese ist h\u00f6chst umstritten.<\/strong><\/span><\/p>\n<p><span style=\"font-size: 12pt;\"><span class=\"atc-TextFirstLetter\">S<\/span>eit mehr als f\u00fcnf Jahren z\u00e4hlt der Schutz von Trinkwasser, Denkm\u00e4lern und Vogelarten zu den zentralen Punkten in der Auseinandersetzung um zehn Windr\u00e4der auf dem Taunuskamm. Doch in dem Schriftsatz, mit dem das s\u00fcdhessische Regierungspr\u00e4sidium Darmstadt nach einer Niederlage vor dem Verwaltungsgericht Wiesbaden jetzt in die Berufung geht, werden diese Themen pl\u00f6tzlich mit keinem Wort mehr erw\u00e4hnt. Dabei waren sie die entscheidenden Argumente daf\u00fcr, dass das Regierungspr\u00e4sidium den Bauantrag einer Tochter des Wiesbadener Versorgungsunternehmens ESWE Ende 2016 ablehnte.<\/span><\/p><\/blockquote>\n<p>Weiterlesen: <em><a href=\"https:\/\/www.faz.net\/aktuell\/rhein-main\/region-und-hessen\/windraeder-im-taunus-gruene-nehmen-juristen-an-die-leine-17482791.html?GEPC=s2&amp;fbclid=IwAR19e6YXqLV04S8tlayoTiushSKssFFQlScgbd9h3SurGQmG9PgZVw1zoP4\" target=\"_blank\" rel=\"noopener noreferrer\">Windr\u00e4der im Taunus: Gr\u00fcne nehmen Juristen an die Leine<\/a><\/em><\/p>\n","protected":false},"excerpt":{"rendered":"<p>Wenn der Verwaltungsgerichtshof \u00fcber Windr\u00e4der auf dem Taunuskamm entscheidet, geht es auch um die Grundlagen der hessischen Energiepolitik. Denn diese ist h\u00f6chst umstritten. Seit mehr als f\u00fcnf Jahren z\u00e4hlt der Schutz von Trinkwasser, Denkm\u00e4lern und Vogelarten zu den zentralen Punkten in der Auseinandersetzung um zehn Windr\u00e4der auf dem Taunuskamm. Doch in dem Schriftsatz, mit dem &hellip; <a href=\"http:\/\/www.vernunftkraft-hessen.de\/wordpress\/2021\/08\/17\/windraeder-im-taunus-gruene-nehmen-juristen-an-die-leine-faz\/\" class=\"more-link\"><span class=\"screen-reader-text\">\u201eWindr\u00e4der im Taunus: Gr\u00fcne nehmen Juristen an die Leine | FAZ\u201c<\/span> weiterlesen<\/a><\/p>\n","protected":false},"author":26,"featured_media":0,"comment_status":"closed","ping_status":"closed","sticky":false,"template":"","format":"standard","meta":{"footnotes":""},"categories":[75],"tags":[81,94,25,105,29,19,532],"class_list":["post-27286","post","type-post","status-publish","format-standard","hentry","category-recht","tag-artenschutz","tag-denkmalschutz","tag-klagen","tag-lobbyismus","tag-parteien","tag-recht","tag-trinkwasserschutz"],"_links":{"self":[{"href":"http:\/\/www.vernunftkraft-hessen.de\/wordpress\/wp-json\/wp\/v2\/posts\/27286","targetHints":{"allow":["GET"]}}],"collection":[{"href":"http:\/\/www.vernunftkraft-hessen.de\/wordpress\/wp-json\/wp\/v2\/posts"}],"about":[{"href":"http:\/\/www.vernunftkraft-hessen.de\/wordpress\/wp-json\/wp\/v2\/types\/post"}],"author":[{"embeddable":true,"href":"http:\/\/www.vernunftkraft-hessen.de\/wordpress\/wp-json\/wp\/v2\/users\/26"}],"replies":[{"embeddable":true,"href":"http:\/\/www.vernunftkraft-hessen.de\/wordpress\/wp-json\/wp\/v2\/comments?post=27286"}],"version-history":[{"count":3,"href":"http:\/\/www.vernunftkraft-hessen.de\/wordpress\/wp-json\/wp\/v2\/posts\/27286\/revisions"}],"predecessor-version":[{"id":27289,"href":"http:\/\/www.vernunftkraft-hessen.de\/wordpress\/wp-json\/wp\/v2\/posts\/27286\/revisions\/27289"}],"wp:attachment":[{"href":"http:\/\/www.vernunftkraft-hessen.de\/wordpress\/wp-json\/wp\/v2\/media?parent=27286"}],"wp:term":[{"taxonomy":"category","embeddable":true,"href":"http:\/\/www.vernunftkraft-hessen.de\/wordpress\/wp-json\/wp\/v2\/categories?post=27286"},{"taxonomy":"post_tag","embeddable":true,"href":"http:\/\/www.vernunftkraft-hessen.de\/wordpress\/wp-json\/wp\/v2\/tags?post=27286"}],"curies":[{"name":"wp","href":"https:\/\/api.w.org\/{rel}","templated":true}]}}