{"id":27586,"date":"2021-09-01T22:50:05","date_gmt":"2021-09-01T20:50:05","guid":{"rendered":"http:\/\/www.vernunftkraft-hessen.de\/wordpress\/?p=27586"},"modified":"2021-09-01T22:51:25","modified_gmt":"2021-09-01T20:51:25","slug":"klimapolitik-verheerende-biodieselfoerderung-durch-die-eu-eike","status":"publish","type":"post","link":"http:\/\/www.vernunftkraft-hessen.de\/wordpress\/2021\/09\/01\/klimapolitik-verheerende-biodieselfoerderung-durch-die-eu-eike\/","title":{"rendered":"Klimapolitik: Verheerende Biodieself\u00f6rderung durch die EU | EIKE"},"content":{"rendered":"<blockquote><p><span style=\"font-size: 12pt;\"><strong>Seit 2010 verlangt die Europ\u00e4ische Union, dass dem Treibstoff bis zu zehn Prozent Biodiesel beigemischt werden. Die Folgen sind fatal: Der CO2Ausstoss hat sich deutlich erh\u00f6ht. Und eine Fl\u00e4che Regenwald so gross wie die Schweiz ist der F\u00f6rderung zum Opfer gefallen.<\/strong><\/span><\/p><\/blockquote>\n<blockquote class=\"wp-embedded-content\" data-secret=\"x67F3TjUk8\"><p><a href=\"https:\/\/eike-klima-energie.eu\/2021\/09\/01\/klimapolitik-verheerende-biodieselfoerderung-durch-die-eu\/\">Klimapolitik: Verheerende Biodieself\u00f6rderung durch die EU<\/a><\/p><\/blockquote>\n<p><iframe loading=\"lazy\" class=\"wp-embedded-content\" sandbox=\"allow-scripts\" security=\"restricted\" style=\"position: absolute; clip: rect(1px, 1px, 1px, 1px);\" src=\"https:\/\/eike-klima-energie.eu\/2021\/09\/01\/klimapolitik-verheerende-biodieselfoerderung-durch-die-eu\/embed\/#?secret=x67F3TjUk8\" data-secret=\"x67F3TjUk8\" width=\"600\" height=\"338\" title=\"&#8222;Klimapolitik: Verheerende Biodieself\u00f6rderung durch die EU&#8220; &#8212; EIKE - Europ\u00e4isches Institut f\u00fcr Klima &amp; Energie\" frameborder=\"0\" marginwidth=\"0\" marginheight=\"0\" scrolling=\"no\"><\/iframe><\/p>\n<p>Weiterlesen: <em><a href=\"https:\/\/eike-klima-energie.eu\/2021\/09\/01\/klimapolitik-verheerende-biodieselfoerderung-durch-die-eu\/\" target=\"_blank\" rel=\"noopener noreferrer\">Klimapolitik: Verheerende Biodieself\u00f6rderung durch die EU | EIKE &#8211; Europ\u00e4isches Institut f\u00fcr Klima &amp; Energie<\/a><\/em><\/p>\n","protected":false},"excerpt":{"rendered":"<p>Seit 2010 verlangt die Europ\u00e4ische Union, dass dem Treibstoff bis zu zehn Prozent Biodiesel beigemischt werden. Die Folgen sind fatal: Der CO2Ausstoss hat sich deutlich erh\u00f6ht. Und eine Fl\u00e4che Regenwald so gross wie die Schweiz ist der F\u00f6rderung zum Opfer gefallen. Klimapolitik: Verheerende Biodieself\u00f6rderung durch die EU Weiterlesen: Klimapolitik: Verheerende Biodieself\u00f6rderung durch die EU | &hellip; <a href=\"http:\/\/www.vernunftkraft-hessen.de\/wordpress\/2021\/09\/01\/klimapolitik-verheerende-biodieselfoerderung-durch-die-eu-eike\/\" class=\"more-link\"><span class=\"screen-reader-text\">\u201eKlimapolitik: Verheerende Biodieself\u00f6rderung durch die EU | EIKE\u201c<\/span> weiterlesen<\/a><\/p>\n","protected":false},"author":26,"featured_media":0,"comment_status":"closed","ping_status":"closed","sticky":false,"template":"","format":"standard","meta":{"footnotes":""},"categories":[457],"tags":[608,55,299],"class_list":["post-27586","post","type-post","status-publish","format-standard","hentry","category-klimapolitik","tag-bio-kraftstoff","tag-co2","tag-klimapolitik"],"_links":{"self":[{"href":"http:\/\/www.vernunftkraft-hessen.de\/wordpress\/wp-json\/wp\/v2\/posts\/27586","targetHints":{"allow":["GET"]}}],"collection":[{"href":"http:\/\/www.vernunftkraft-hessen.de\/wordpress\/wp-json\/wp\/v2\/posts"}],"about":[{"href":"http:\/\/www.vernunftkraft-hessen.de\/wordpress\/wp-json\/wp\/v2\/types\/post"}],"author":[{"embeddable":true,"href":"http:\/\/www.vernunftkraft-hessen.de\/wordpress\/wp-json\/wp\/v2\/users\/26"}],"replies":[{"embeddable":true,"href":"http:\/\/www.vernunftkraft-hessen.de\/wordpress\/wp-json\/wp\/v2\/comments?post=27586"}],"version-history":[{"count":3,"href":"http:\/\/www.vernunftkraft-hessen.de\/wordpress\/wp-json\/wp\/v2\/posts\/27586\/revisions"}],"predecessor-version":[{"id":27589,"href":"http:\/\/www.vernunftkraft-hessen.de\/wordpress\/wp-json\/wp\/v2\/posts\/27586\/revisions\/27589"}],"wp:attachment":[{"href":"http:\/\/www.vernunftkraft-hessen.de\/wordpress\/wp-json\/wp\/v2\/media?parent=27586"}],"wp:term":[{"taxonomy":"category","embeddable":true,"href":"http:\/\/www.vernunftkraft-hessen.de\/wordpress\/wp-json\/wp\/v2\/categories?post=27586"},{"taxonomy":"post_tag","embeddable":true,"href":"http:\/\/www.vernunftkraft-hessen.de\/wordpress\/wp-json\/wp\/v2\/tags?post=27586"}],"curies":[{"name":"wp","href":"https:\/\/api.w.org\/{rel}","templated":true}]}}